{"id":36728,"date":"2024-01-01T12:00:00","date_gmt":"2024-01-01T10:00:00","guid":{"rendered":"https:\/\/cambrabcn.org\/?p=36728"},"modified":"2025-05-13T10:23:17","modified_gmt":"2025-05-13T08:23:17","slug":"que-documentos-son-necesarios-para-exportar","status":"publish","type":"post","link":"https:\/\/cambrabcn.org\/es\/que-documentos-son-necesarios-para-exportar\/","title":{"rendered":"\u00bfQu\u00e9 documentos son necesarios para exportar?"},"content":{"rendered":"\n<p>Cuando se re\u00fane la informaci\u00f3n necesaria sobre las&nbsp;<strong>diversas reglamentaciones existentes a nivel mundial sobre la compraventa de productos y servicios<\/strong>, exportar es un reto totalmente asumible.<\/p>\n\n\n\n<p>Para exportar a un tercer pa\u00eds hay que empezar determinando con claridad&nbsp;<strong>qu\u00e9 producto queremos vender y a qu\u00e9 pa\u00eds de destino<\/strong>, utilizado por ejemplo TARIC o&nbsp; Market Access Database (MADB) como recurso. S\u00f3lo entonces podremos conseguir los documentos necesarios:<\/p>\n\n\n\n<p>&#8211;&nbsp;<strong>Factura pro forma<\/strong>, a menudo necesaria para que el comprador reciba informaci\u00f3n completa sobre los productos y caracter\u00edsticas de la operaci\u00f3n que se dispone a realizar.<\/p>\n\n\n\n<p>&#8211;&nbsp;<strong>Factura comercial<\/strong>, documento vinculante que conforma una operaci\u00f3n de compraventa. Su correcta cumplimentaci\u00f3n es importante para evitar problemas y para que el precio de la operaci\u00f3n sea pagado por el importador. En este documento es importante detallar el Incoterm que corresponde a la operaci\u00f3n.<\/p>\n\n\n\n<p>&#8211;&nbsp;<em><strong>Packing List<\/strong><\/em>, documento que acompa\u00f1ado de la factura comercial proporciona informaci\u00f3n de la mercanc\u00eda; es de obligaci\u00f3n por parte del exportador emitirlo. Tambi\u00e9n es importante para el despacho aduanero, y \u00fatil para el reconocimiento selectivo de la mercanc\u00eda por parte del funcionario.<\/p>\n\n\n\n<p>&#8211; Documento \u00danico Administrativo de Exportaci\u00f3n (<strong>DUA<\/strong>), exigido por las autoridades aduaneras para declarar las mercanc\u00edas que van a ser exportadas y las caracter\u00edsticas de la operaci\u00f3n.<\/p>\n\n\n\n<p>&#8211;&nbsp;<strong>Certificado de Origen<\/strong>, la prueba de que la mercanc\u00eda a exportar procede del pa\u00eds en cuesti\u00f3n.<\/p>\n\n\n\n<p>&#8211;&nbsp;<strong>Licencia de Exportaci\u00f3n<\/strong>&nbsp;para bienes sometidos a restricciones en la UE, tales como productos y tecnolog\u00edas susceptibles de doble uso, donaciones, cesiones y el leasing.<br><br>Seg\u00fan el tipo de operaci\u00f3n y el medio de transporte, estos documentos pueden variar. En este contexto, es importante saber que puedes contar con la&nbsp;<strong>ayuda de la Cambra de Barcelona<\/strong>.&nbsp;<strong><a href=\"https:\/\/cambrabcn.org\/es\/contacta\/\" target=\"_blank\" rel=\"noreferrer noopener\">Cons\u00faltanos gratuitamente<\/a><\/strong>, resuelve&nbsp;todas tus dudas y emprende el reto de exportar.<\/p>\n","protected":false},"excerpt":{"rendered":"<p>Cuando se re\u00fane la informaci\u00f3n necesaria sobre las&nbsp;diversas reglamentaciones existentes a nivel mundial sobre la compraventa de productos y servicios, exportar es un reto totalmente asumible. Para exportar a un tercer pa\u00eds hay que empezar determinando con claridad&nbsp;qu\u00e9 producto queremos vender y a qu\u00e9 pa\u00eds de destino, utilizado por ejemplo TARIC o&nbsp; Market Access Database [&hellip;]<\/p>\n","protected":false},"author":2,"featured_media":34609,"comment_status":"open","ping_status":"open","sticky":false,"template":"","format":"standard","meta":{"_acf_changed":false,"inline_featured_image":false,"ep_exclude_from_search":false,"footnotes":""},"categories":[],"tags":[],"post-posttype":[977],"territorial-chamber":[],"services-for":[],"solutions-for":[],"location":[],"ppma_author":[3],"class_list":["post-36728","post","type-post","status-publish","format-standard","has-post-thumbnail","hentry","post-posttype-publicaciones-entrada"],"pp_statuses_selecting_workflow":false,"pp_workflow_action":"current","pp_status_selection":"publish","acf":[],"yoast_head":"<!-- This site is optimized with the Yoast SEO Premium plugin v27.1 (Yoast SEO v27.4) - https:\/\/yoast.com\/product\/yoast-seo-premium-wordpress\/ -->\n<title>\u00bfQu\u00e9 documentos son necesarios para exportar? | Cambra de Comer\u00e7 de Barcelona<\/title>\n<meta name=\"robots\" content=\"index, follow, max-snippet:-1, max-image-preview:large, max-video-preview:-1\" \/>\n<link rel=\"canonical\" href=\"https:\/\/cambrabcn.org\/es\/que-documentos-son-necesarios-para-exportar\/\" \/>\n<meta property=\"og:locale\" content=\"es_ES\" \/>\n<meta property=\"og:type\" content=\"article\" \/>\n<meta property=\"og:title\" content=\"\u00bfQu\u00e9 documentos son necesarios para exportar?\" \/>\n<meta property=\"og:description\" content=\"Cuando se re\u00fane la informaci\u00f3n necesaria sobre las&nbsp;diversas reglamentaciones existentes a nivel mundial sobre la compraventa de productos y servicios, exportar es un reto totalmente asumible. Para exportar a un tercer pa\u00eds hay que empezar determinando con claridad&nbsp;qu\u00e9 producto queremos vender y a qu\u00e9 pa\u00eds de destino, utilizado por ejemplo TARIC o&nbsp; Market Access Database [&hellip;]\" \/>\n<meta property=\"og:url\" content=\"https:\/\/cambrabcn.org\/es\/que-documentos-son-necesarios-para-exportar\/\" \/>\n<meta property=\"og:site_name\" content=\"Cambra de Comer\u00e7 de Barcelona\" \/>\n<meta property=\"article:published_time\" content=\"2024-01-01T10:00:00+00:00\" \/>\n<meta property=\"article:modified_time\" content=\"2025-05-13T08:23:17+00:00\" \/>\n<meta property=\"og:image\" content=\"https:\/\/cambrabcn.org\/wp-content\/uploads\/2024\/02\/Certificat_origen_375x320-jpg.webp\" \/>\n\t<meta property=\"og:image:width\" content=\"375\" \/>\n\t<meta property=\"og:image:height\" content=\"320\" \/>\n\t<meta property=\"og:image:type\" content=\"image\/webp\" \/>\n<meta name=\"author\" content=\"flat101\" \/>\n<meta name=\"twitter:card\" content=\"summary_large_image\" \/>\n<meta name=\"twitter:creator\" content=\"@https:\/\/dev.cambrabcn.org\/\" \/>\n<meta name=\"twitter:site\" content=\"@cambrabcn\" \/>\n<meta name=\"twitter:label1\" content=\"Escrito por\" \/>\n\t<meta name=\"twitter:data1\" content=\"flat101\" \/>\n\t<meta name=\"twitter:label2\" content=\"Tiempo de lectura\" \/>\n\t<meta name=\"twitter:data2\" content=\"2 minutos\" \/>\n<script type=\"application\/ld+json\" class=\"yoast-schema-graph\">{\"@context\":\"https:\\\/\\\/schema.org\",\"@graph\":[{\"@type\":[\"Article\",\"BlogPosting\"],\"@id\":\"https:\\\/\\\/cambrabcn.org\\\/es\\\/que-documentos-son-necesarios-para-exportar\\\/#article\",\"isPartOf\":{\"@id\":\"https:\\\/\\\/cambrabcn.org\\\/es\\\/que-documentos-son-necesarios-para-exportar\\\/\"},\"author\":{\"name\":\"flat101\",\"@id\":\"https:\\\/\\\/cambrabcn.org\\\/es\\\/#\\\/schema\\\/person\\\/d3c50cf0da796f154f3d7438e6be2229\"},\"headline\":\"\u00bfQu\u00e9 documentos son necesarios para exportar?\",\"datePublished\":\"2024-01-01T10:00:00+00:00\",\"dateModified\":\"2025-05-13T08:23:17+00:00\",\"mainEntityOfPage\":{\"@id\":\"https:\\\/\\\/cambrabcn.org\\\/es\\\/que-documentos-son-necesarios-para-exportar\\\/\"},\"wordCount\":343,\"commentCount\":0,\"publisher\":{\"@id\":\"https:\\\/\\\/cambrabcn.org\\\/es\\\/#organization\"},\"image\":{\"@id\":\"https:\\\/\\\/cambrabcn.org\\\/es\\\/que-documentos-son-necesarios-para-exportar\\\/#primaryimage\"},\"thumbnailUrl\":\"https:\\\/\\\/cambrabcn.org\\\/wp-content\\\/uploads\\\/2024\\\/02\\\/Certificat_origen_375x320-jpg.webp\",\"inLanguage\":\"es\",\"potentialAction\":[{\"@type\":\"CommentAction\",\"name\":\"Comment\",\"target\":[\"https:\\\/\\\/cambrabcn.org\\\/es\\\/que-documentos-son-necesarios-para-exportar\\\/#respond\"]}]},{\"@type\":[\"WebPage\",\"ItemPage\"],\"@id\":\"https:\\\/\\\/cambrabcn.org\\\/es\\\/que-documentos-son-necesarios-para-exportar\\\/\",\"url\":\"https:\\\/\\\/cambrabcn.org\\\/es\\\/que-documentos-son-necesarios-para-exportar\\\/\",\"name\":\"\u00bfQu\u00e9 documentos son necesarios para exportar? | Cambra de Comer\u00e7 de Barcelona\",\"isPartOf\":{\"@id\":\"https:\\\/\\\/cambrabcn.org\\\/es\\\/#website\"},\"primaryImageOfPage\":{\"@id\":\"https:\\\/\\\/cambrabcn.org\\\/es\\\/que-documentos-son-necesarios-para-exportar\\\/#primaryimage\"},\"image\":{\"@id\":\"https:\\\/\\\/cambrabcn.org\\\/es\\\/que-documentos-son-necesarios-para-exportar\\\/#primaryimage\"},\"thumbnailUrl\":\"https:\\\/\\\/cambrabcn.org\\\/wp-content\\\/uploads\\\/2024\\\/02\\\/Certificat_origen_375x320-jpg.webp\",\"datePublished\":\"2024-01-01T10:00:00+00:00\",\"dateModified\":\"2025-05-13T08:23:17+00:00\",\"breadcrumb\":{\"@id\":\"https:\\\/\\\/cambrabcn.org\\\/es\\\/que-documentos-son-necesarios-para-exportar\\\/#breadcrumb\"},\"inLanguage\":\"es\",\"potentialAction\":[{\"@type\":\"ReadAction\",\"target\":[\"https:\\\/\\\/cambrabcn.org\\\/es\\\/que-documentos-son-necesarios-para-exportar\\\/\"]}]},{\"@type\":\"ImageObject\",\"inLanguage\":\"es\",\"@id\":\"https:\\\/\\\/cambrabcn.org\\\/es\\\/que-documentos-son-necesarios-para-exportar\\\/#primaryimage\",\"url\":\"https:\\\/\\\/cambrabcn.org\\\/wp-content\\\/uploads\\\/2024\\\/02\\\/Certificat_origen_375x320-jpg.webp\",\"contentUrl\":\"https:\\\/\\\/cambrabcn.org\\\/wp-content\\\/uploads\\\/2024\\\/02\\\/Certificat_origen_375x320-jpg.webp\",\"width\":375,\"height\":320},{\"@type\":\"BreadcrumbList\",\"@id\":\"https:\\\/\\\/cambrabcn.org\\\/es\\\/que-documentos-son-necesarios-para-exportar\\\/#breadcrumb\",\"itemListElement\":[{\"@type\":\"ListItem\",\"position\":1,\"name\":\"Home\",\"item\":\"https:\\\/\\\/cambrabcn.org\\\/es\\\/\"},{\"@type\":\"ListItem\",\"position\":2,\"name\":\"\u00bfQu\u00e9 documentos son necesarios para exportar?\"}]},{\"@type\":\"WebSite\",\"@id\":\"https:\\\/\\\/cambrabcn.org\\\/es\\\/#website\",\"url\":\"https:\\\/\\\/cambrabcn.org\\\/es\\\/\",\"name\":\"Cambra de Comer\u00e7 de Barcelona\",\"description\":\"La Cambra de Tothom\",\"publisher\":{\"@id\":\"https:\\\/\\\/cambrabcn.org\\\/es\\\/#organization\"},\"alternateName\":\"Cambra Oficial de Comer\u00e7, Ind\u00fastria, Serveis i Navegaci\u00f3 de Barcelona\",\"potentialAction\":[{\"@type\":\"SearchAction\",\"target\":{\"@type\":\"EntryPoint\",\"urlTemplate\":\"https:\\\/\\\/cambrabcn.org\\\/es\\\/?s={search_term_string}\"},\"query-input\":{\"@type\":\"PropertyValueSpecification\",\"valueRequired\":true,\"valueName\":\"search_term_string\"}}],\"inLanguage\":\"es\"},{\"@type\":\"Organization\",\"@id\":\"https:\\\/\\\/cambrabcn.org\\\/es\\\/#organization\",\"name\":\"Cambra de Comer\u00e7 de Barcelona\",\"alternateName\":\"Cambra Oficial de Comer\u00e7, Ind\u00fastria, Serveis i Navegaci\u00f3 de Barcelona\",\"url\":\"https:\\\/\\\/cambrabcn.org\\\/es\\\/\",\"logo\":{\"@type\":\"ImageObject\",\"inLanguage\":\"es\",\"@id\":\"https:\\\/\\\/cambrabcn.org\\\/es\\\/#\\\/schema\\\/logo\\\/image\\\/\",\"url\":\"https:\\\/\\\/cambrabcn.org\\\/wp-content\\\/uploads\\\/2023\\\/11\\\/logo-cambra-300x77-1.png\",\"contentUrl\":\"https:\\\/\\\/cambrabcn.org\\\/wp-content\\\/uploads\\\/2023\\\/11\\\/logo-cambra-300x77-1.png\",\"width\":300,\"height\":77,\"caption\":\"Cambra de Comer\u00e7 de Barcelona\"},\"image\":{\"@id\":\"https:\\\/\\\/cambrabcn.org\\\/es\\\/#\\\/schema\\\/logo\\\/image\\\/\"},\"sameAs\":[\"https:\\\/\\\/x.com\\\/cambrabcn\",\"https:\\\/\\\/www.instagram.com\\\/cambrabcn\\\/\",\"https:\\\/\\\/www.linkedin.com\\\/school\\\/cambrabcn\",\"https:\\\/\\\/www.youtube.com\\\/user\\\/PressCambrabcn\",\"https:\\\/\\\/ca.wikipedia.org\\\/wiki\\\/Cambra_Oficial_de_Comer\u00e7,_Ind\u00fastria_i_Navegaci\u00f3_de_Barcelona\",\"http:\\\/\\\/viaf.org\\\/viaf\\\/124017095\"],\"description\":\"La Cambra Oficial de Comer\u00e7, Ind\u00fastria, Serveis i Navegaci\u00f3 de Barcelona \u00e9s una corporaci\u00f3 de dret p\u00fablic que presta serveis a les empreses, contribuint a la regeneraci\u00f3 del teixit econ\u00f2mic i la creaci\u00f3 d\u2019ocupaci\u00f3.\",\"email\":\"cambra@cambrabcn.cat\",\"telephone\":\"+34 93 416 93 00\",\"legalName\":\"La Cambra Oficial de Comer\u00e7, Ind\u00fastria, Serveis i Navegaci\u00f3 de Barcelona\",\"foundingDate\":\"1886-01-01\",\"vatID\":\"Q0873001B\",\"taxID\":\"Q0873001B\",\"naics\":\"813910\"},{\"@type\":\"Person\",\"@id\":\"https:\\\/\\\/cambrabcn.org\\\/es\\\/#\\\/schema\\\/person\\\/d3c50cf0da796f154f3d7438e6be2229\",\"name\":\"flat101\",\"image\":{\"@type\":\"ImageObject\",\"inLanguage\":\"es\",\"@id\":\"https:\\\/\\\/secure.gravatar.com\\\/avatar\\\/6161c439bef61400f47ab684f1c53cf5da5ada358f51ff956a875690a1ed5afc?s=96&d=mm&r=g49f7fe36961375c3670cf1c0441b62f4\",\"url\":\"https:\\\/\\\/secure.gravatar.com\\\/avatar\\\/6161c439bef61400f47ab684f1c53cf5da5ada358f51ff956a875690a1ed5afc?s=96&d=mm&r=g\",\"contentUrl\":\"https:\\\/\\\/secure.gravatar.com\\\/avatar\\\/6161c439bef61400f47ab684f1c53cf5da5ada358f51ff956a875690a1ed5afc?s=96&d=mm&r=g\",\"caption\":\"flat101\"},\"description\":\"Lorem ipsum dolor sit amet, consectetur adipiscing elit. Pellentesque a gravida ex, et consequat dui. Aenean ullamcorper, metus sed aliquet porta.Lorem ipsum dolor sit amet, consectetur adipiscing elit. Pellentesque a gravida ex, et consequat.\",\"sameAs\":[\"https:\\\/\\\/dev.cambrabcn.org\\\/\",\"https:\\\/\\\/x.com\\\/https:\\\/\\\/dev.cambrabcn.org\\\/\"]}]}<\/script>\n<!-- \/ Yoast SEO Premium plugin. -->","yoast_head_json":{"title":"\u00bfQu\u00e9 documentos son necesarios para exportar? | Cambra de Comer\u00e7 de Barcelona","robots":{"index":"index","follow":"follow","max-snippet":"max-snippet:-1","max-image-preview":"max-image-preview:large","max-video-preview":"max-video-preview:-1"},"canonical":"https:\/\/cambrabcn.org\/es\/que-documentos-son-necesarios-para-exportar\/","og_locale":"es_ES","og_type":"article","og_title":"\u00bfQu\u00e9 documentos son necesarios para exportar?","og_description":"Cuando se re\u00fane la informaci\u00f3n necesaria sobre las&nbsp;diversas reglamentaciones existentes a nivel mundial sobre la compraventa de productos y servicios, exportar es un reto totalmente asumible. Para exportar a un tercer pa\u00eds hay que empezar determinando con claridad&nbsp;qu\u00e9 producto queremos vender y a qu\u00e9 pa\u00eds de destino, utilizado por ejemplo TARIC o&nbsp; Market Access Database [&hellip;]","og_url":"https:\/\/cambrabcn.org\/es\/que-documentos-son-necesarios-para-exportar\/","og_site_name":"Cambra de Comer\u00e7 de Barcelona","article_published_time":"2024-01-01T10:00:00+00:00","article_modified_time":"2025-05-13T08:23:17+00:00","og_image":[{"width":375,"height":320,"url":"https:\/\/cambrabcn.org\/wp-content\/uploads\/2024\/02\/Certificat_origen_375x320-jpg.webp","type":"image\/webp"}],"author":"flat101","twitter_card":"summary_large_image","twitter_creator":"@https:\/\/dev.cambrabcn.org\/","twitter_site":"@cambrabcn","twitter_misc":{"Escrito por":"flat101","Tiempo de lectura":"2 minutos"},"schema":{"@context":"https:\/\/schema.org","@graph":[{"@type":["Article","BlogPosting"],"@id":"https:\/\/cambrabcn.org\/es\/que-documentos-son-necesarios-para-exportar\/#article","isPartOf":{"@id":"https:\/\/cambrabcn.org\/es\/que-documentos-son-necesarios-para-exportar\/"},"author":{"name":"flat101","@id":"https:\/\/cambrabcn.org\/es\/#\/schema\/person\/d3c50cf0da796f154f3d7438e6be2229"},"headline":"\u00bfQu\u00e9 documentos son necesarios para exportar?","datePublished":"2024-01-01T10:00:00+00:00","dateModified":"2025-05-13T08:23:17+00:00","mainEntityOfPage":{"@id":"https:\/\/cambrabcn.org\/es\/que-documentos-son-necesarios-para-exportar\/"},"wordCount":343,"commentCount":0,"publisher":{"@id":"https:\/\/cambrabcn.org\/es\/#organization"},"image":{"@id":"https:\/\/cambrabcn.org\/es\/que-documentos-son-necesarios-para-exportar\/#primaryimage"},"thumbnailUrl":"https:\/\/cambrabcn.org\/wp-content\/uploads\/2024\/02\/Certificat_origen_375x320-jpg.webp","inLanguage":"es","potentialAction":[{"@type":"CommentAction","name":"Comment","target":["https:\/\/cambrabcn.org\/es\/que-documentos-son-necesarios-para-exportar\/#respond"]}]},{"@type":["WebPage","ItemPage"],"@id":"https:\/\/cambrabcn.org\/es\/que-documentos-son-necesarios-para-exportar\/","url":"https:\/\/cambrabcn.org\/es\/que-documentos-son-necesarios-para-exportar\/","name":"\u00bfQu\u00e9 documentos son necesarios para exportar? | Cambra de Comer\u00e7 de Barcelona","isPartOf":{"@id":"https:\/\/cambrabcn.org\/es\/#website"},"primaryImageOfPage":{"@id":"https:\/\/cambrabcn.org\/es\/que-documentos-son-necesarios-para-exportar\/#primaryimage"},"image":{"@id":"https:\/\/cambrabcn.org\/es\/que-documentos-son-necesarios-para-exportar\/#primaryimage"},"thumbnailUrl":"https:\/\/cambrabcn.org\/wp-content\/uploads\/2024\/02\/Certificat_origen_375x320-jpg.webp","datePublished":"2024-01-01T10:00:00+00:00","dateModified":"2025-05-13T08:23:17+00:00","breadcrumb":{"@id":"https:\/\/cambrabcn.org\/es\/que-documentos-son-necesarios-para-exportar\/#breadcrumb"},"inLanguage":"es","potentialAction":[{"@type":"ReadAction","target":["https:\/\/cambrabcn.org\/es\/que-documentos-son-necesarios-para-exportar\/"]}]},{"@type":"ImageObject","inLanguage":"es","@id":"https:\/\/cambrabcn.org\/es\/que-documentos-son-necesarios-para-exportar\/#primaryimage","url":"https:\/\/cambrabcn.org\/wp-content\/uploads\/2024\/02\/Certificat_origen_375x320-jpg.webp","contentUrl":"https:\/\/cambrabcn.org\/wp-content\/uploads\/2024\/02\/Certificat_origen_375x320-jpg.webp","width":375,"height":320},{"@type":"BreadcrumbList","@id":"https:\/\/cambrabcn.org\/es\/que-documentos-son-necesarios-para-exportar\/#breadcrumb","itemListElement":[{"@type":"ListItem","position":1,"name":"Home","item":"https:\/\/cambrabcn.org\/es\/"},{"@type":"ListItem","position":2,"name":"\u00bfQu\u00e9 documentos son necesarios para exportar?"}]},{"@type":"WebSite","@id":"https:\/\/cambrabcn.org\/es\/#website","url":"https:\/\/cambrabcn.org\/es\/","name":"Cambra de Comer\u00e7 de Barcelona","description":"La Cambra de Tothom","publisher":{"@id":"https:\/\/cambrabcn.org\/es\/#organization"},"alternateName":"Cambra Oficial de Comer\u00e7, Ind\u00fastria, Serveis i Navegaci\u00f3 de Barcelona","potentialAction":[{"@type":"SearchAction","target":{"@type":"EntryPoint","urlTemplate":"https:\/\/cambrabcn.org\/es\/?s={search_term_string}"},"query-input":{"@type":"PropertyValueSpecification","valueRequired":true,"valueName":"search_term_string"}}],"inLanguage":"es"},{"@type":"Organization","@id":"https:\/\/cambrabcn.org\/es\/#organization","name":"Cambra de Comer\u00e7 de Barcelona","alternateName":"Cambra Oficial de Comer\u00e7, Ind\u00fastria, Serveis i Navegaci\u00f3 de Barcelona","url":"https:\/\/cambrabcn.org\/es\/","logo":{"@type":"ImageObject","inLanguage":"es","@id":"https:\/\/cambrabcn.org\/es\/#\/schema\/logo\/image\/","url":"https:\/\/cambrabcn.org\/wp-content\/uploads\/2023\/11\/logo-cambra-300x77-1.png","contentUrl":"https:\/\/cambrabcn.org\/wp-content\/uploads\/2023\/11\/logo-cambra-300x77-1.png","width":300,"height":77,"caption":"Cambra de Comer\u00e7 de Barcelona"},"image":{"@id":"https:\/\/cambrabcn.org\/es\/#\/schema\/logo\/image\/"},"sameAs":["https:\/\/x.com\/cambrabcn","https:\/\/www.instagram.com\/cambrabcn\/","https:\/\/www.linkedin.com\/school\/cambrabcn","https:\/\/www.youtube.com\/user\/PressCambrabcn","https:\/\/ca.wikipedia.org\/wiki\/Cambra_Oficial_de_Comer\u00e7,_Ind\u00fastria_i_Navegaci\u00f3_de_Barcelona","http:\/\/viaf.org\/viaf\/124017095"],"description":"La Cambra Oficial de Comer\u00e7, Ind\u00fastria, Serveis i Navegaci\u00f3 de Barcelona \u00e9s una corporaci\u00f3 de dret p\u00fablic que presta serveis a les empreses, contribuint a la regeneraci\u00f3 del teixit econ\u00f2mic i la creaci\u00f3 d\u2019ocupaci\u00f3.","email":"cambra@cambrabcn.cat","telephone":"+34 93 416 93 00","legalName":"La Cambra Oficial de Comer\u00e7, Ind\u00fastria, Serveis i Navegaci\u00f3 de Barcelona","foundingDate":"1886-01-01","vatID":"Q0873001B","taxID":"Q0873001B","naics":"813910"},{"@type":"Person","@id":"https:\/\/cambrabcn.org\/es\/#\/schema\/person\/d3c50cf0da796f154f3d7438e6be2229","name":"flat101","image":{"@type":"ImageObject","inLanguage":"es","@id":"https:\/\/secure.gravatar.com\/avatar\/6161c439bef61400f47ab684f1c53cf5da5ada358f51ff956a875690a1ed5afc?s=96&d=mm&r=g49f7fe36961375c3670cf1c0441b62f4","url":"https:\/\/secure.gravatar.com\/avatar\/6161c439bef61400f47ab684f1c53cf5da5ada358f51ff956a875690a1ed5afc?s=96&d=mm&r=g","contentUrl":"https:\/\/secure.gravatar.com\/avatar\/6161c439bef61400f47ab684f1c53cf5da5ada358f51ff956a875690a1ed5afc?s=96&d=mm&r=g","caption":"flat101"},"description":"Lorem ipsum dolor sit amet, consectetur adipiscing elit. Pellentesque a gravida ex, et consequat dui. Aenean ullamcorper, metus sed aliquet porta.Lorem ipsum dolor sit amet, consectetur adipiscing elit. Pellentesque a gravida ex, et consequat.","sameAs":["https:\/\/dev.cambrabcn.org\/","https:\/\/x.com\/https:\/\/dev.cambrabcn.org\/"]}]}},"authors":[{"term_id":3,"user_id":2,"is_guest":0,"slug":"flat101","display_name":"flat101","avatar_url":"https:\/\/secure.gravatar.com\/avatar\/6161c439bef61400f47ab684f1c53cf5da5ada358f51ff956a875690a1ed5afc?s=96&d=mm&r=g","0":null,"1":"","2":"","3":"","4":"","5":"","6":"","7":"","8":"","9":"","10":"","11":""}],"mfb_rest_fields":["pp_statuses_selecting_workflow","pp_workflow_action","pp_status_selection","yoast_head","yoast_head_json","authors"],"_links":{"self":[{"href":"https:\/\/cambrabcn.org\/es\/wp-json\/wp\/v2\/posts\/36728","targetHints":{"allow":["GET"]}}],"collection":[{"href":"https:\/\/cambrabcn.org\/es\/wp-json\/wp\/v2\/posts"}],"about":[{"href":"https:\/\/cambrabcn.org\/es\/wp-json\/wp\/v2\/types\/post"}],"author":[{"embeddable":true,"href":"https:\/\/cambrabcn.org\/es\/wp-json\/wp\/v2\/users\/2"}],"replies":[{"embeddable":true,"href":"https:\/\/cambrabcn.org\/es\/wp-json\/wp\/v2\/comments?post=36728"}],"version-history":[{"count":2,"href":"https:\/\/cambrabcn.org\/es\/wp-json\/wp\/v2\/posts\/36728\/revisions"}],"predecessor-version":[{"id":88939,"href":"https:\/\/cambrabcn.org\/es\/wp-json\/wp\/v2\/posts\/36728\/revisions\/88939"}],"wp:featuredmedia":[{"embeddable":true,"href":"https:\/\/cambrabcn.org\/es\/wp-json\/wp\/v2\/media\/34609"}],"wp:attachment":[{"href":"https:\/\/cambrabcn.org\/es\/wp-json\/wp\/v2\/media?parent=36728"}],"wp:term":[{"taxonomy":"category","embeddable":true,"href":"https:\/\/cambrabcn.org\/es\/wp-json\/wp\/v2\/categories?post=36728"},{"taxonomy":"post_tag","embeddable":true,"href":"https:\/\/cambrabcn.org\/es\/wp-json\/wp\/v2\/tags?post=36728"},{"taxonomy":"post-posttype","embeddable":true,"href":"https:\/\/cambrabcn.org\/es\/wp-json\/wp\/v2\/post-posttype?post=36728"},{"taxonomy":"territorial-chamber","embeddable":true,"href":"https:\/\/cambrabcn.org\/es\/wp-json\/wp\/v2\/territorial-chamber?post=36728"},{"taxonomy":"services-for","embeddable":true,"href":"https:\/\/cambrabcn.org\/es\/wp-json\/wp\/v2\/services-for?post=36728"},{"taxonomy":"solutions-for","embeddable":true,"href":"https:\/\/cambrabcn.org\/es\/wp-json\/wp\/v2\/solutions-for?post=36728"},{"taxonomy":"location","embeddable":true,"href":"https:\/\/cambrabcn.org\/es\/wp-json\/wp\/v2\/location?post=36728"},{"taxonomy":"author","embeddable":true,"href":"https:\/\/cambrabcn.org\/es\/wp-json\/wp\/v2\/ppma_author?post=36728"}],"curies":[{"name":"wp","href":"https:\/\/api.w.org\/{rel}","templated":true}]}}