{"id":36035,"date":"2024-01-01T12:00:00","date_gmt":"2024-01-01T10:00:00","guid":{"rendered":"https:\/\/cambrabcn.org\/?p=36035"},"modified":"2024-02-19T18:13:25","modified_gmt":"2024-02-19T16:13:25","slug":"el-aprobado-de-europa-un-impacto-en-las-pymes","status":"publish","type":"post","link":"https:\/\/cambrabcn.org\/es\/el-aprobado-de-europa-un-impacto-en-las-pymes\/","title":{"rendered":"Descifrando los fondos Next Generation EU: El aprobado de Europa, un impacto en las Pymes"},"content":{"rendered":"\n<p><span style=\", Helvetica, Arial, sans-serif;background-color: var(--wp--preset--color--cambra-bg)\">El pasado 16 de junio, la Comisi\u00f3n Europea (CE) dio luz verde al Plan de Recuperaci\u00f3n, Transformaci\u00f3n y Resiliencia (PRTR) presentado a las autoridades europeas para poder acceder a los fondos de recuperaci\u00f3n conocidos como Next Generation EU. Concretamente, propone un conjunto de 110 inversiones y 102 reformas que guiar\u00e1n la ejecuci\u00f3n de 369.500M\u20ac entre el 2021 y 2026. Durante su visita a Madrid, la presidenta de la CE, Ursula von der Leyen, apunt\u00f3 que la puesta en marcha de este plan \u00abtransformar\u00e1 la econom\u00eda espa\u00f1ola para hacerla m\u00e1s verde, digital y resiliente\u00bb. Tanto la sostenibilidad como favorecer e impulsar la transformaci\u00f3n digital eran criterios indispensables para la aprobaci\u00f3n del plan; y as\u00ed lo constata la Comisi\u00f3n en su informe, donde se indica que el \u00abplan de Espa\u00f1a dedica el 28% de su asignaci\u00f3n total a la transici\u00f3n digital\u00bb y \u00abel 40% a medidas de soporte a los objetivos clim\u00e1ticos\u00bb.<\/span><\/p>\n\n\n\n<p style=\"margin: 0px 0px 10px;font-size: 14px;padding-bottom: 10px;, Helvetica, Arial, sans-serif\"><span style=\"font-size: 16px\">Junto con la aprobaci\u00f3n del plan, se anunci\u00f3 la llegada este mismo a\u00f1o, seguramente durante el verano, de una primera remesa de 19.000M \u20ac, un 28%, del total de los recursos que gestionar\u00e1 el plan. Principalmente estos recursos ir\u00e1n destinados a proyectos de Pymes y aut\u00f3nomos, especialmente en aspectos de digitalizaci\u00f3n con el impulso de diferentes estrategias relacionadas, tales como Espa\u00f1a Naci\u00f3n Emprendedora, Espa\u00f1a Digital 2025 o el Digital Toolkit.Las Pymes y aut\u00f3nomos son de gran importancia en el tejido productivo y en la creaci\u00f3n de empleo. Es por este motivo que desde la Cambra de Comer\u00e7 se ha hecho mucho \u00e9nfasis en el hecho de asegurar que los recursos lleguen a todas las empresas, especialmente a las Pymes\u00a0y aut\u00f3nomos, y as\u00ed se recoge en el Plan de Recuperaci\u00f3n. De las 10 pol\u00edticas tractoras del Plan, la quinta, y la que est\u00e1 dotada con m\u00e1s recursos (23,1%), est\u00e1 dedicada a la modernizaci\u00f3n y digitalizaci\u00f3n del tejido industrial y de la Pyme, la recuperaci\u00f3n del turismo y el impulso al emprendimiento. En esta pol\u00edtica se recogen inversiones en digitalizaci\u00f3n de las Pymes, apoyo al peque\u00f1o comercio para potenciar su cuota de mercado impulsando el eCommerce, la ciberseguridad, la mejora de la conectividad tanto de Pymes como de colectivos vulnerables y la formaci\u00f3n de la poblaci\u00f3n en competencias digitales.A\u00fan no se conocen los detalles de las convocatorias para la digitalizaci\u00f3n, pero si el objetivo es llegar a m\u00e1s de 1 mill\u00f3n, significa que ahora es el momento de empezar a dibujar los planes de digitalizaci\u00f3n de nuestras empresas.<\/span><\/p><p style=\"margin: 0px 0px 10px;font-size: 14px;padding-bottom: 10px;, Helvetica, Arial, sans-serif\"><\/p>\n","protected":false},"excerpt":{"rendered":"<p>Luz verde por parte de la Comisi\u00f3n Europea al Plan de Recuperaci\u00f3n, Transformaci\u00f3n y Resiliencia (PRTR). Explicamos las consecuencias positivas que tendr\u00e1 este acuerdo para Pymes y aut\u00f3nomos.<\/p>\n","protected":false},"author":2,"featured_media":36038,"comment_status":"open","ping_status":"open","sticky":false,"template":"","format":"standard","meta":{"_acf_changed":false,"inline_featured_image":false,"ep_exclude_from_search":false,"footnotes":""},"categories":[],"tags":[],"post-posttype":[977],"territorial-chamber":[],"services-for":[],"solutions-for":[],"location":[],"ppma_author":[3],"class_list":["post-36035","post","type-post","status-publish","format-standard","has-post-thumbnail","hentry","post-posttype-publicaciones-entrada"],"pp_statuses_selecting_workflow":false,"pp_workflow_action":"current","pp_status_selection":"publish","acf":[],"yoast_head":"<!-- This site is optimized with the Yoast SEO Premium plugin v27.1 (Yoast SEO v27.4) - https:\/\/yoast.com\/product\/yoast-seo-premium-wordpress\/ -->\n<title>Descifrando los fondos Next Generation EU: El aprobado de Europa, un impacto en las Pymes | Cambra de Comer\u00e7 de Barcelona<\/title>\n<meta name=\"robots\" content=\"index, follow, max-snippet:-1, max-image-preview:large, max-video-preview:-1\" \/>\n<link rel=\"canonical\" href=\"https:\/\/cambrabcn.org\/es\/el-aprobado-de-europa-un-impacto-en-las-pymes\/\" \/>\n<meta property=\"og:locale\" content=\"es_ES\" \/>\n<meta property=\"og:type\" content=\"article\" \/>\n<meta property=\"og:title\" content=\"Descifrando los fondos Next Generation EU: El aprobado de Europa, un impacto en las Pymes\" \/>\n<meta property=\"og:description\" content=\"Luz verde por parte de la Comisi\u00f3n Europea al Plan de Recuperaci\u00f3n, Transformaci\u00f3n y Resiliencia (PRTR). Explicamos las consecuencias positivas que tendr\u00e1 este acuerdo para Pymes y aut\u00f3nomos.\" \/>\n<meta property=\"og:url\" content=\"https:\/\/cambrabcn.org\/es\/el-aprobado-de-europa-un-impacto-en-las-pymes\/\" \/>\n<meta property=\"og:site_name\" content=\"Cambra de Comer\u00e7 de Barcelona\" \/>\n<meta property=\"article:published_time\" content=\"2024-01-01T10:00:00+00:00\" \/>\n<meta property=\"article:modified_time\" content=\"2024-02-19T16:13:25+00:00\" \/>\n<meta property=\"og:image\" content=\"https:\/\/cambrabcn.org\/wp-content\/uploads\/2024\/02\/Article2_1200x320.webp\" \/>\n\t<meta property=\"og:image:width\" content=\"1200\" \/>\n\t<meta property=\"og:image:height\" content=\"320\" \/>\n\t<meta property=\"og:image:type\" content=\"image\/webp\" \/>\n<meta name=\"author\" content=\"flat101\" \/>\n<meta name=\"twitter:card\" content=\"summary_large_image\" \/>\n<meta name=\"twitter:creator\" content=\"@https:\/\/dev.cambrabcn.org\/\" \/>\n<meta name=\"twitter:site\" content=\"@cambrabcn\" \/>\n<meta name=\"twitter:label1\" content=\"Escrito por\" \/>\n\t<meta name=\"twitter:data1\" content=\"flat101\" \/>\n\t<meta name=\"twitter:label2\" content=\"Tiempo de lectura\" \/>\n\t<meta name=\"twitter:data2\" content=\"2 minutos\" \/>\n<script type=\"application\/ld+json\" class=\"yoast-schema-graph\">{\"@context\":\"https:\\\/\\\/schema.org\",\"@graph\":[{\"@type\":[\"Article\",\"BlogPosting\"],\"@id\":\"https:\\\/\\\/cambrabcn.org\\\/es\\\/el-aprobado-de-europa-un-impacto-en-las-pymes\\\/#article\",\"isPartOf\":{\"@id\":\"https:\\\/\\\/cambrabcn.org\\\/es\\\/el-aprobado-de-europa-un-impacto-en-las-pymes\\\/\"},\"author\":{\"name\":\"flat101\",\"@id\":\"https:\\\/\\\/cambrabcn.org\\\/es\\\/#\\\/schema\\\/person\\\/d3c50cf0da796f154f3d7438e6be2229\"},\"headline\":\"Descifrando los fondos Next Generation EU: El aprobado de Europa, un impacto en las Pymes\",\"datePublished\":\"2024-01-01T10:00:00+00:00\",\"dateModified\":\"2024-02-19T16:13:25+00:00\",\"mainEntityOfPage\":{\"@id\":\"https:\\\/\\\/cambrabcn.org\\\/es\\\/el-aprobado-de-europa-un-impacto-en-las-pymes\\\/\"},\"wordCount\":454,\"commentCount\":0,\"publisher\":{\"@id\":\"https:\\\/\\\/cambrabcn.org\\\/es\\\/#organization\"},\"image\":{\"@id\":\"https:\\\/\\\/cambrabcn.org\\\/es\\\/el-aprobado-de-europa-un-impacto-en-las-pymes\\\/#primaryimage\"},\"thumbnailUrl\":\"https:\\\/\\\/cambrabcn.org\\\/wp-content\\\/uploads\\\/2024\\\/02\\\/Article2_1200x320.webp\",\"inLanguage\":\"es\",\"potentialAction\":[{\"@type\":\"CommentAction\",\"name\":\"Comment\",\"target\":[\"https:\\\/\\\/cambrabcn.org\\\/es\\\/el-aprobado-de-europa-un-impacto-en-las-pymes\\\/#respond\"]}]},{\"@type\":[\"WebPage\",\"ItemPage\"],\"@id\":\"https:\\\/\\\/cambrabcn.org\\\/es\\\/el-aprobado-de-europa-un-impacto-en-las-pymes\\\/\",\"url\":\"https:\\\/\\\/cambrabcn.org\\\/es\\\/el-aprobado-de-europa-un-impacto-en-las-pymes\\\/\",\"name\":\"Descifrando los fondos Next Generation EU: El aprobado de Europa, un impacto en las Pymes | Cambra de Comer\u00e7 de Barcelona\",\"isPartOf\":{\"@id\":\"https:\\\/\\\/cambrabcn.org\\\/es\\\/#website\"},\"primaryImageOfPage\":{\"@id\":\"https:\\\/\\\/cambrabcn.org\\\/es\\\/el-aprobado-de-europa-un-impacto-en-las-pymes\\\/#primaryimage\"},\"image\":{\"@id\":\"https:\\\/\\\/cambrabcn.org\\\/es\\\/el-aprobado-de-europa-un-impacto-en-las-pymes\\\/#primaryimage\"},\"thumbnailUrl\":\"https:\\\/\\\/cambrabcn.org\\\/wp-content\\\/uploads\\\/2024\\\/02\\\/Article2_1200x320.webp\",\"datePublished\":\"2024-01-01T10:00:00+00:00\",\"dateModified\":\"2024-02-19T16:13:25+00:00\",\"breadcrumb\":{\"@id\":\"https:\\\/\\\/cambrabcn.org\\\/es\\\/el-aprobado-de-europa-un-impacto-en-las-pymes\\\/#breadcrumb\"},\"inLanguage\":\"es\",\"potentialAction\":[{\"@type\":\"ReadAction\",\"target\":[\"https:\\\/\\\/cambrabcn.org\\\/es\\\/el-aprobado-de-europa-un-impacto-en-las-pymes\\\/\"]}]},{\"@type\":\"ImageObject\",\"inLanguage\":\"es\",\"@id\":\"https:\\\/\\\/cambrabcn.org\\\/es\\\/el-aprobado-de-europa-un-impacto-en-las-pymes\\\/#primaryimage\",\"url\":\"https:\\\/\\\/cambrabcn.org\\\/wp-content\\\/uploads\\\/2024\\\/02\\\/Article2_1200x320.webp\",\"contentUrl\":\"https:\\\/\\\/cambrabcn.org\\\/wp-content\\\/uploads\\\/2024\\\/02\\\/Article2_1200x320.webp\",\"width\":1200,\"height\":320},{\"@type\":\"BreadcrumbList\",\"@id\":\"https:\\\/\\\/cambrabcn.org\\\/es\\\/el-aprobado-de-europa-un-impacto-en-las-pymes\\\/#breadcrumb\",\"itemListElement\":[{\"@type\":\"ListItem\",\"position\":1,\"name\":\"Home\",\"item\":\"https:\\\/\\\/cambrabcn.org\\\/es\\\/\"},{\"@type\":\"ListItem\",\"position\":2,\"name\":\"Descifrando los fondos Next Generation EU: El aprobado de Europa, un impacto en las Pymes\"}]},{\"@type\":\"WebSite\",\"@id\":\"https:\\\/\\\/cambrabcn.org\\\/es\\\/#website\",\"url\":\"https:\\\/\\\/cambrabcn.org\\\/es\\\/\",\"name\":\"Cambra de Comer\u00e7 de Barcelona\",\"description\":\"La Cambra de Tothom\",\"publisher\":{\"@id\":\"https:\\\/\\\/cambrabcn.org\\\/es\\\/#organization\"},\"alternateName\":\"Cambra Oficial de Comer\u00e7, Ind\u00fastria, Serveis i Navegaci\u00f3 de Barcelona\",\"potentialAction\":[{\"@type\":\"SearchAction\",\"target\":{\"@type\":\"EntryPoint\",\"urlTemplate\":\"https:\\\/\\\/cambrabcn.org\\\/es\\\/?s={search_term_string}\"},\"query-input\":{\"@type\":\"PropertyValueSpecification\",\"valueRequired\":true,\"valueName\":\"search_term_string\"}}],\"inLanguage\":\"es\"},{\"@type\":\"Organization\",\"@id\":\"https:\\\/\\\/cambrabcn.org\\\/es\\\/#organization\",\"name\":\"Cambra de Comer\u00e7 de Barcelona\",\"alternateName\":\"Cambra Oficial de Comer\u00e7, Ind\u00fastria, Serveis i Navegaci\u00f3 de Barcelona\",\"url\":\"https:\\\/\\\/cambrabcn.org\\\/es\\\/\",\"logo\":{\"@type\":\"ImageObject\",\"inLanguage\":\"es\",\"@id\":\"https:\\\/\\\/cambrabcn.org\\\/es\\\/#\\\/schema\\\/logo\\\/image\\\/\",\"url\":\"https:\\\/\\\/cambrabcn.org\\\/wp-content\\\/uploads\\\/2023\\\/11\\\/logo-cambra-300x77-1.png\",\"contentUrl\":\"https:\\\/\\\/cambrabcn.org\\\/wp-content\\\/uploads\\\/2023\\\/11\\\/logo-cambra-300x77-1.png\",\"width\":300,\"height\":77,\"caption\":\"Cambra de Comer\u00e7 de Barcelona\"},\"image\":{\"@id\":\"https:\\\/\\\/cambrabcn.org\\\/es\\\/#\\\/schema\\\/logo\\\/image\\\/\"},\"sameAs\":[\"https:\\\/\\\/x.com\\\/cambrabcn\",\"https:\\\/\\\/www.instagram.com\\\/cambrabcn\\\/\",\"https:\\\/\\\/www.linkedin.com\\\/school\\\/cambrabcn\",\"https:\\\/\\\/www.youtube.com\\\/user\\\/PressCambrabcn\",\"https:\\\/\\\/ca.wikipedia.org\\\/wiki\\\/Cambra_Oficial_de_Comer\u00e7,_Ind\u00fastria_i_Navegaci\u00f3_de_Barcelona\",\"http:\\\/\\\/viaf.org\\\/viaf\\\/124017095\"],\"description\":\"La Cambra Oficial de Comer\u00e7, Ind\u00fastria, Serveis i Navegaci\u00f3 de Barcelona \u00e9s una corporaci\u00f3 de dret p\u00fablic que presta serveis a les empreses, contribuint a la regeneraci\u00f3 del teixit econ\u00f2mic i la creaci\u00f3 d\u2019ocupaci\u00f3.\",\"email\":\"cambra@cambrabcn.cat\",\"telephone\":\"+34 93 416 93 00\",\"legalName\":\"La Cambra Oficial de Comer\u00e7, Ind\u00fastria, Serveis i Navegaci\u00f3 de Barcelona\",\"foundingDate\":\"1886-01-01\",\"vatID\":\"Q0873001B\",\"taxID\":\"Q0873001B\",\"naics\":\"813910\"},{\"@type\":\"Person\",\"@id\":\"https:\\\/\\\/cambrabcn.org\\\/es\\\/#\\\/schema\\\/person\\\/d3c50cf0da796f154f3d7438e6be2229\",\"name\":\"flat101\",\"image\":{\"@type\":\"ImageObject\",\"inLanguage\":\"es\",\"@id\":\"https:\\\/\\\/secure.gravatar.com\\\/avatar\\\/6161c439bef61400f47ab684f1c53cf5da5ada358f51ff956a875690a1ed5afc?s=96&d=mm&r=g49f7fe36961375c3670cf1c0441b62f4\",\"url\":\"https:\\\/\\\/secure.gravatar.com\\\/avatar\\\/6161c439bef61400f47ab684f1c53cf5da5ada358f51ff956a875690a1ed5afc?s=96&d=mm&r=g\",\"contentUrl\":\"https:\\\/\\\/secure.gravatar.com\\\/avatar\\\/6161c439bef61400f47ab684f1c53cf5da5ada358f51ff956a875690a1ed5afc?s=96&d=mm&r=g\",\"caption\":\"flat101\"},\"description\":\"Lorem ipsum dolor sit amet, consectetur adipiscing elit. Pellentesque a gravida ex, et consequat dui. Aenean ullamcorper, metus sed aliquet porta.Lorem ipsum dolor sit amet, consectetur adipiscing elit. Pellentesque a gravida ex, et consequat.\",\"sameAs\":[\"https:\\\/\\\/dev.cambrabcn.org\\\/\",\"https:\\\/\\\/x.com\\\/https:\\\/\\\/dev.cambrabcn.org\\\/\"]}]}<\/script>\n<!-- \/ Yoast SEO Premium plugin. -->","yoast_head_json":{"title":"Descifrando los fondos Next Generation EU: El aprobado de Europa, un impacto en las Pymes | Cambra de Comer\u00e7 de Barcelona","robots":{"index":"index","follow":"follow","max-snippet":"max-snippet:-1","max-image-preview":"max-image-preview:large","max-video-preview":"max-video-preview:-1"},"canonical":"https:\/\/cambrabcn.org\/es\/el-aprobado-de-europa-un-impacto-en-las-pymes\/","og_locale":"es_ES","og_type":"article","og_title":"Descifrando los fondos Next Generation EU: El aprobado de Europa, un impacto en las Pymes","og_description":"Luz verde por parte de la Comisi\u00f3n Europea al Plan de Recuperaci\u00f3n, Transformaci\u00f3n y Resiliencia (PRTR). Explicamos las consecuencias positivas que tendr\u00e1 este acuerdo para Pymes y aut\u00f3nomos.","og_url":"https:\/\/cambrabcn.org\/es\/el-aprobado-de-europa-un-impacto-en-las-pymes\/","og_site_name":"Cambra de Comer\u00e7 de Barcelona","article_published_time":"2024-01-01T10:00:00+00:00","article_modified_time":"2024-02-19T16:13:25+00:00","og_image":[{"width":1200,"height":320,"url":"https:\/\/cambrabcn.org\/wp-content\/uploads\/2024\/02\/Article2_1200x320.webp","type":"image\/webp"}],"author":"flat101","twitter_card":"summary_large_image","twitter_creator":"@https:\/\/dev.cambrabcn.org\/","twitter_site":"@cambrabcn","twitter_misc":{"Escrito por":"flat101","Tiempo de lectura":"2 minutos"},"schema":{"@context":"https:\/\/schema.org","@graph":[{"@type":["Article","BlogPosting"],"@id":"https:\/\/cambrabcn.org\/es\/el-aprobado-de-europa-un-impacto-en-las-pymes\/#article","isPartOf":{"@id":"https:\/\/cambrabcn.org\/es\/el-aprobado-de-europa-un-impacto-en-las-pymes\/"},"author":{"name":"flat101","@id":"https:\/\/cambrabcn.org\/es\/#\/schema\/person\/d3c50cf0da796f154f3d7438e6be2229"},"headline":"Descifrando los fondos Next Generation EU: El aprobado de Europa, un impacto en las Pymes","datePublished":"2024-01-01T10:00:00+00:00","dateModified":"2024-02-19T16:13:25+00:00","mainEntityOfPage":{"@id":"https:\/\/cambrabcn.org\/es\/el-aprobado-de-europa-un-impacto-en-las-pymes\/"},"wordCount":454,"commentCount":0,"publisher":{"@id":"https:\/\/cambrabcn.org\/es\/#organization"},"image":{"@id":"https:\/\/cambrabcn.org\/es\/el-aprobado-de-europa-un-impacto-en-las-pymes\/#primaryimage"},"thumbnailUrl":"https:\/\/cambrabcn.org\/wp-content\/uploads\/2024\/02\/Article2_1200x320.webp","inLanguage":"es","potentialAction":[{"@type":"CommentAction","name":"Comment","target":["https:\/\/cambrabcn.org\/es\/el-aprobado-de-europa-un-impacto-en-las-pymes\/#respond"]}]},{"@type":["WebPage","ItemPage"],"@id":"https:\/\/cambrabcn.org\/es\/el-aprobado-de-europa-un-impacto-en-las-pymes\/","url":"https:\/\/cambrabcn.org\/es\/el-aprobado-de-europa-un-impacto-en-las-pymes\/","name":"Descifrando los fondos Next Generation EU: El aprobado de Europa, un impacto en las Pymes | Cambra de Comer\u00e7 de Barcelona","isPartOf":{"@id":"https:\/\/cambrabcn.org\/es\/#website"},"primaryImageOfPage":{"@id":"https:\/\/cambrabcn.org\/es\/el-aprobado-de-europa-un-impacto-en-las-pymes\/#primaryimage"},"image":{"@id":"https:\/\/cambrabcn.org\/es\/el-aprobado-de-europa-un-impacto-en-las-pymes\/#primaryimage"},"thumbnailUrl":"https:\/\/cambrabcn.org\/wp-content\/uploads\/2024\/02\/Article2_1200x320.webp","datePublished":"2024-01-01T10:00:00+00:00","dateModified":"2024-02-19T16:13:25+00:00","breadcrumb":{"@id":"https:\/\/cambrabcn.org\/es\/el-aprobado-de-europa-un-impacto-en-las-pymes\/#breadcrumb"},"inLanguage":"es","potentialAction":[{"@type":"ReadAction","target":["https:\/\/cambrabcn.org\/es\/el-aprobado-de-europa-un-impacto-en-las-pymes\/"]}]},{"@type":"ImageObject","inLanguage":"es","@id":"https:\/\/cambrabcn.org\/es\/el-aprobado-de-europa-un-impacto-en-las-pymes\/#primaryimage","url":"https:\/\/cambrabcn.org\/wp-content\/uploads\/2024\/02\/Article2_1200x320.webp","contentUrl":"https:\/\/cambrabcn.org\/wp-content\/uploads\/2024\/02\/Article2_1200x320.webp","width":1200,"height":320},{"@type":"BreadcrumbList","@id":"https:\/\/cambrabcn.org\/es\/el-aprobado-de-europa-un-impacto-en-las-pymes\/#breadcrumb","itemListElement":[{"@type":"ListItem","position":1,"name":"Home","item":"https:\/\/cambrabcn.org\/es\/"},{"@type":"ListItem","position":2,"name":"Descifrando los fondos Next Generation EU: El aprobado de Europa, un impacto en las Pymes"}]},{"@type":"WebSite","@id":"https:\/\/cambrabcn.org\/es\/#website","url":"https:\/\/cambrabcn.org\/es\/","name":"Cambra de Comer\u00e7 de Barcelona","description":"La Cambra de Tothom","publisher":{"@id":"https:\/\/cambrabcn.org\/es\/#organization"},"alternateName":"Cambra Oficial de Comer\u00e7, Ind\u00fastria, Serveis i Navegaci\u00f3 de Barcelona","potentialAction":[{"@type":"SearchAction","target":{"@type":"EntryPoint","urlTemplate":"https:\/\/cambrabcn.org\/es\/?s={search_term_string}"},"query-input":{"@type":"PropertyValueSpecification","valueRequired":true,"valueName":"search_term_string"}}],"inLanguage":"es"},{"@type":"Organization","@id":"https:\/\/cambrabcn.org\/es\/#organization","name":"Cambra de Comer\u00e7 de Barcelona","alternateName":"Cambra Oficial de Comer\u00e7, Ind\u00fastria, Serveis i Navegaci\u00f3 de Barcelona","url":"https:\/\/cambrabcn.org\/es\/","logo":{"@type":"ImageObject","inLanguage":"es","@id":"https:\/\/cambrabcn.org\/es\/#\/schema\/logo\/image\/","url":"https:\/\/cambrabcn.org\/wp-content\/uploads\/2023\/11\/logo-cambra-300x77-1.png","contentUrl":"https:\/\/cambrabcn.org\/wp-content\/uploads\/2023\/11\/logo-cambra-300x77-1.png","width":300,"height":77,"caption":"Cambra de Comer\u00e7 de Barcelona"},"image":{"@id":"https:\/\/cambrabcn.org\/es\/#\/schema\/logo\/image\/"},"sameAs":["https:\/\/x.com\/cambrabcn","https:\/\/www.instagram.com\/cambrabcn\/","https:\/\/www.linkedin.com\/school\/cambrabcn","https:\/\/www.youtube.com\/user\/PressCambrabcn","https:\/\/ca.wikipedia.org\/wiki\/Cambra_Oficial_de_Comer\u00e7,_Ind\u00fastria_i_Navegaci\u00f3_de_Barcelona","http:\/\/viaf.org\/viaf\/124017095"],"description":"La Cambra Oficial de Comer\u00e7, Ind\u00fastria, Serveis i Navegaci\u00f3 de Barcelona \u00e9s una corporaci\u00f3 de dret p\u00fablic que presta serveis a les empreses, contribuint a la regeneraci\u00f3 del teixit econ\u00f2mic i la creaci\u00f3 d\u2019ocupaci\u00f3.","email":"cambra@cambrabcn.cat","telephone":"+34 93 416 93 00","legalName":"La Cambra Oficial de Comer\u00e7, Ind\u00fastria, Serveis i Navegaci\u00f3 de Barcelona","foundingDate":"1886-01-01","vatID":"Q0873001B","taxID":"Q0873001B","naics":"813910"},{"@type":"Person","@id":"https:\/\/cambrabcn.org\/es\/#\/schema\/person\/d3c50cf0da796f154f3d7438e6be2229","name":"flat101","image":{"@type":"ImageObject","inLanguage":"es","@id":"https:\/\/secure.gravatar.com\/avatar\/6161c439bef61400f47ab684f1c53cf5da5ada358f51ff956a875690a1ed5afc?s=96&d=mm&r=g49f7fe36961375c3670cf1c0441b62f4","url":"https:\/\/secure.gravatar.com\/avatar\/6161c439bef61400f47ab684f1c53cf5da5ada358f51ff956a875690a1ed5afc?s=96&d=mm&r=g","contentUrl":"https:\/\/secure.gravatar.com\/avatar\/6161c439bef61400f47ab684f1c53cf5da5ada358f51ff956a875690a1ed5afc?s=96&d=mm&r=g","caption":"flat101"},"description":"Lorem ipsum dolor sit amet, consectetur adipiscing elit. Pellentesque a gravida ex, et consequat dui. Aenean ullamcorper, metus sed aliquet porta.Lorem ipsum dolor sit amet, consectetur adipiscing elit. Pellentesque a gravida ex, et consequat.","sameAs":["https:\/\/dev.cambrabcn.org\/","https:\/\/x.com\/https:\/\/dev.cambrabcn.org\/"]}]}},"authors":[{"term_id":3,"user_id":2,"is_guest":0,"slug":"flat101","display_name":"flat101","avatar_url":"https:\/\/secure.gravatar.com\/avatar\/6161c439bef61400f47ab684f1c53cf5da5ada358f51ff956a875690a1ed5afc?s=96&d=mm&r=g","0":null,"1":"","2":"","3":"","4":"","5":"","6":"","7":"","8":"","9":"","10":"","11":""}],"mfb_rest_fields":["pp_statuses_selecting_workflow","pp_workflow_action","pp_status_selection","yoast_head","yoast_head_json","authors"],"_links":{"self":[{"href":"https:\/\/cambrabcn.org\/es\/wp-json\/wp\/v2\/posts\/36035","targetHints":{"allow":["GET"]}}],"collection":[{"href":"https:\/\/cambrabcn.org\/es\/wp-json\/wp\/v2\/posts"}],"about":[{"href":"https:\/\/cambrabcn.org\/es\/wp-json\/wp\/v2\/types\/post"}],"author":[{"embeddable":true,"href":"https:\/\/cambrabcn.org\/es\/wp-json\/wp\/v2\/users\/2"}],"replies":[{"embeddable":true,"href":"https:\/\/cambrabcn.org\/es\/wp-json\/wp\/v2\/comments?post=36035"}],"version-history":[{"count":1,"href":"https:\/\/cambrabcn.org\/es\/wp-json\/wp\/v2\/posts\/36035\/revisions"}],"predecessor-version":[{"id":36041,"href":"https:\/\/cambrabcn.org\/es\/wp-json\/wp\/v2\/posts\/36035\/revisions\/36041"}],"wp:featuredmedia":[{"embeddable":true,"href":"https:\/\/cambrabcn.org\/es\/wp-json\/wp\/v2\/media\/36038"}],"wp:attachment":[{"href":"https:\/\/cambrabcn.org\/es\/wp-json\/wp\/v2\/media?parent=36035"}],"wp:term":[{"taxonomy":"category","embeddable":true,"href":"https:\/\/cambrabcn.org\/es\/wp-json\/wp\/v2\/categories?post=36035"},{"taxonomy":"post_tag","embeddable":true,"href":"https:\/\/cambrabcn.org\/es\/wp-json\/wp\/v2\/tags?post=36035"},{"taxonomy":"post-posttype","embeddable":true,"href":"https:\/\/cambrabcn.org\/es\/wp-json\/wp\/v2\/post-posttype?post=36035"},{"taxonomy":"territorial-chamber","embeddable":true,"href":"https:\/\/cambrabcn.org\/es\/wp-json\/wp\/v2\/territorial-chamber?post=36035"},{"taxonomy":"services-for","embeddable":true,"href":"https:\/\/cambrabcn.org\/es\/wp-json\/wp\/v2\/services-for?post=36035"},{"taxonomy":"solutions-for","embeddable":true,"href":"https:\/\/cambrabcn.org\/es\/wp-json\/wp\/v2\/solutions-for?post=36035"},{"taxonomy":"location","embeddable":true,"href":"https:\/\/cambrabcn.org\/es\/wp-json\/wp\/v2\/location?post=36035"},{"taxonomy":"author","embeddable":true,"href":"https:\/\/cambrabcn.org\/es\/wp-json\/wp\/v2\/ppma_author?post=36035"}],"curies":[{"name":"wp","href":"https:\/\/api.w.org\/{rel}","templated":true}]}}