{"id":33560,"date":"2024-01-26T15:10:45","date_gmt":"2024-01-26T13:10:45","guid":{"rendered":"https:\/\/cambrabcn.org\/j-r-rovira-deficit-fiscal-catalan-justo-o-excesivo\/"},"modified":"2024-02-09T11:40:38","modified_gmt":"2024-02-09T09:40:38","slug":"j-r-rovira-deficit-fiscal-catalan-justo-o-excesivo","status":"publish","type":"article-interview","link":"https:\/\/cambrabcn.org\/es\/j-r-rovira-deficit-fiscal-catalan-justo-o-excesivo\/","title":{"rendered":"J. R. Rovira: D\u00e9ficit fiscal catal\u00e1n: \u00bfjusto o excesivo?"},"content":{"rendered":"\n<h2 class=\"wp-block-heading\">El jefe del Gabinete de Estudios de la C\u00e1mara reflexiona en torno al d\u00e9ficit fiscal en un art\u00edculo en la On Economia. <\/h2>\n\n<p>Los recientes acuerdos de investidura del PSOE con ERC y Junts per Catalunya han reavivado con fuerza el debate sobre el d\u00e9ficit fiscal de Catalunya con el Estado. Aunque la existencia de este d\u00e9ficit no est\u00e1 en entredicho, las cuestiones de debate se centran en determinar qu\u00e9 nivel de d\u00e9ficit fiscal ser\u00eda justo y aceptable para Catalu\u00f1a dentro del Estado espa\u00f1ol. <\/p>\n\n<p>Joan Ramon Rovira, jefe del Gabinete de Estudios de la Cambra de Comer\u00e7 de Barcelona, se cuestiona en un art\u00edculo en el diario econ\u00f3mico digital ON Econom\u00eda sobre cu\u00e1l es el nivel de d\u00e9ficit fiscal que podr\u00eda considerarse justo y aceptable. <\/p>\n","protected":false},"excerpt":{"rendered":"<p>Joan Ramon Rovira se pregunta sobre cu\u00e1l es el nivel de d\u00e9ficit fiscal justo y aceptable<\/p>\n","protected":false},"author":5,"featured_media":22919,"parent":0,"template":"","article-interview-category":[867],"territorial-chamber":[],"services-for":[],"solutions-for":[],"location":[],"ppma_author":[168],"class_list":["post-33560","article-interview","type-article-interview","status-publish","has-post-thumbnail","hentry","article-interview-category-articulos-y-entrevistas-economia"],"pp_statuses_selecting_workflow":false,"pp_workflow_action":"current","pp_status_selection":"publish","acf":[],"yoast_head":"<!-- This site is optimized with the Yoast SEO Premium plugin v27.1 (Yoast SEO v27.4) - https:\/\/yoast.com\/product\/yoast-seo-premium-wordpress\/ -->\n<title>J. R. Rovira: D\u00e9ficit fiscal catal\u00e1n: \u00bfjusto o excesivo? | Cambra de Comer\u00e7 de Barcelona<\/title>\n<meta name=\"robots\" content=\"index, follow, max-snippet:-1, max-image-preview:large, max-video-preview:-1\" \/>\n<link rel=\"canonical\" href=\"https:\/\/cambrabcn.org\/es\/j-r-rovira-deficit-fiscal-catalan-justo-o-excesivo\/\" \/>\n<meta property=\"og:locale\" content=\"es_ES\" \/>\n<meta property=\"og:type\" content=\"article\" \/>\n<meta property=\"og:title\" content=\"J. R. Rovira: D\u00e9ficit fiscal catal\u00e1n: \u00bfjusto o excesivo?\" \/>\n<meta property=\"og:description\" content=\"Joan Ramon Rovira se pregunta sobre cu\u00e1l es el nivel de d\u00e9ficit fiscal justo y aceptable\" \/>\n<meta property=\"og:url\" content=\"https:\/\/cambrabcn.org\/es\/j-r-rovira-deficit-fiscal-catalan-justo-o-excesivo\/\" \/>\n<meta property=\"og:site_name\" content=\"Cambra de Comer\u00e7 de Barcelona\" \/>\n<meta property=\"article:modified_time\" content=\"2024-02-09T09:40:38+00:00\" \/>\n<meta property=\"og:image\" content=\"https:\/\/cambrabcn.org\/wp-content\/uploads\/2024\/01\/15429CBU_0-1-jpg.webp\" \/>\n\t<meta property=\"og:image:width\" content=\"1436\" \/>\n\t<meta property=\"og:image:height\" content=\"1039\" \/>\n\t<meta property=\"og:image:type\" content=\"image\/webp\" \/>\n<meta name=\"twitter:card\" content=\"summary_large_image\" \/>\n<meta name=\"twitter:site\" content=\"@cambrabcn\" \/>\n<meta name=\"twitter:label1\" content=\"Tiempo de lectura\" \/>\n\t<meta name=\"twitter:data1\" content=\"1 minuto\" \/>\n<script type=\"application\/ld+json\" class=\"yoast-schema-graph\">{\"@context\":\"https:\\\/\\\/schema.org\",\"@graph\":[{\"@type\":\"WebPage\",\"@id\":\"https:\\\/\\\/cambrabcn.org\\\/es\\\/j-r-rovira-deficit-fiscal-catalan-justo-o-excesivo\\\/\",\"url\":\"https:\\\/\\\/cambrabcn.org\\\/es\\\/j-r-rovira-deficit-fiscal-catalan-justo-o-excesivo\\\/\",\"name\":\"J. R. Rovira: D\u00e9ficit fiscal catal\u00e1n: \u00bfjusto o excesivo? | Cambra de Comer\u00e7 de Barcelona\",\"isPartOf\":{\"@id\":\"https:\\\/\\\/cambrabcn.org\\\/es\\\/#website\"},\"primaryImageOfPage\":{\"@id\":\"https:\\\/\\\/cambrabcn.org\\\/es\\\/j-r-rovira-deficit-fiscal-catalan-justo-o-excesivo\\\/#primaryimage\"},\"image\":{\"@id\":\"https:\\\/\\\/cambrabcn.org\\\/es\\\/j-r-rovira-deficit-fiscal-catalan-justo-o-excesivo\\\/#primaryimage\"},\"thumbnailUrl\":\"https:\\\/\\\/cambrabcn.org\\\/wp-content\\\/uploads\\\/2024\\\/01\\\/15429CBU_0-1-jpg.webp\",\"datePublished\":\"2024-01-26T13:10:45+00:00\",\"dateModified\":\"2024-02-09T09:40:38+00:00\",\"breadcrumb\":{\"@id\":\"https:\\\/\\\/cambrabcn.org\\\/es\\\/j-r-rovira-deficit-fiscal-catalan-justo-o-excesivo\\\/#breadcrumb\"},\"inLanguage\":\"es\",\"potentialAction\":[{\"@type\":\"ReadAction\",\"target\":[\"https:\\\/\\\/cambrabcn.org\\\/es\\\/j-r-rovira-deficit-fiscal-catalan-justo-o-excesivo\\\/\"]}]},{\"@type\":\"ImageObject\",\"inLanguage\":\"es\",\"@id\":\"https:\\\/\\\/cambrabcn.org\\\/es\\\/j-r-rovira-deficit-fiscal-catalan-justo-o-excesivo\\\/#primaryimage\",\"url\":\"https:\\\/\\\/cambrabcn.org\\\/wp-content\\\/uploads\\\/2024\\\/01\\\/15429CBU_0-1-jpg.webp\",\"contentUrl\":\"https:\\\/\\\/cambrabcn.org\\\/wp-content\\\/uploads\\\/2024\\\/01\\\/15429CBU_0-1-jpg.webp\",\"width\":1436,\"height\":1039},{\"@type\":\"BreadcrumbList\",\"@id\":\"https:\\\/\\\/cambrabcn.org\\\/es\\\/j-r-rovira-deficit-fiscal-catalan-justo-o-excesivo\\\/#breadcrumb\",\"itemListElement\":[{\"@type\":\"ListItem\",\"position\":1,\"name\":\"Home\",\"item\":\"https:\\\/\\\/cambrabcn.org\\\/es\\\/\"},{\"@type\":\"ListItem\",\"position\":2,\"name\":\"Art\u00edculos y Entrevistas\",\"item\":\"https:\\\/\\\/cambrabcn.org\\\/es\\\/prensa\\\/articulos-entrevistas\\\/\"},{\"@type\":\"ListItem\",\"position\":3,\"name\":\"J. R. Rovira: D\u00e9ficit fiscal catal\u00e1n: \u00bfjusto o excesivo?\"}]},{\"@type\":\"WebSite\",\"@id\":\"https:\\\/\\\/cambrabcn.org\\\/es\\\/#website\",\"url\":\"https:\\\/\\\/cambrabcn.org\\\/es\\\/\",\"name\":\"Cambra de Comer\u00e7 de Barcelona\",\"description\":\"La Cambra de Tothom\",\"publisher\":{\"@id\":\"https:\\\/\\\/cambrabcn.org\\\/es\\\/#organization\"},\"alternateName\":\"Cambra Oficial de Comer\u00e7, Ind\u00fastria, Serveis i Navegaci\u00f3 de Barcelona\",\"potentialAction\":[{\"@type\":\"SearchAction\",\"target\":{\"@type\":\"EntryPoint\",\"urlTemplate\":\"https:\\\/\\\/cambrabcn.org\\\/es\\\/?s={search_term_string}\"},\"query-input\":{\"@type\":\"PropertyValueSpecification\",\"valueRequired\":true,\"valueName\":\"search_term_string\"}}],\"inLanguage\":\"es\"},{\"@type\":\"Organization\",\"@id\":\"https:\\\/\\\/cambrabcn.org\\\/es\\\/#organization\",\"name\":\"Cambra de Comer\u00e7 de Barcelona\",\"alternateName\":\"Cambra Oficial de Comer\u00e7, Ind\u00fastria, Serveis i Navegaci\u00f3 de Barcelona\",\"url\":\"https:\\\/\\\/cambrabcn.org\\\/es\\\/\",\"logo\":{\"@type\":\"ImageObject\",\"inLanguage\":\"es\",\"@id\":\"https:\\\/\\\/cambrabcn.org\\\/es\\\/#\\\/schema\\\/logo\\\/image\\\/\",\"url\":\"https:\\\/\\\/cambrabcn.org\\\/wp-content\\\/uploads\\\/2023\\\/11\\\/logo-cambra-300x77-1.png\",\"contentUrl\":\"https:\\\/\\\/cambrabcn.org\\\/wp-content\\\/uploads\\\/2023\\\/11\\\/logo-cambra-300x77-1.png\",\"width\":300,\"height\":77,\"caption\":\"Cambra de Comer\u00e7 de Barcelona\"},\"image\":{\"@id\":\"https:\\\/\\\/cambrabcn.org\\\/es\\\/#\\\/schema\\\/logo\\\/image\\\/\"},\"sameAs\":[\"https:\\\/\\\/x.com\\\/cambrabcn\",\"https:\\\/\\\/www.instagram.com\\\/cambrabcn\\\/\",\"https:\\\/\\\/www.linkedin.com\\\/school\\\/cambrabcn\",\"https:\\\/\\\/www.youtube.com\\\/user\\\/PressCambrabcn\",\"https:\\\/\\\/ca.wikipedia.org\\\/wiki\\\/Cambra_Oficial_de_Comer\u00e7,_Ind\u00fastria_i_Navegaci\u00f3_de_Barcelona\",\"http:\\\/\\\/viaf.org\\\/viaf\\\/124017095\"],\"description\":\"La Cambra Oficial de Comer\u00e7, Ind\u00fastria, Serveis i Navegaci\u00f3 de Barcelona \u00e9s una corporaci\u00f3 de dret p\u00fablic que presta serveis a les empreses, contribuint a la regeneraci\u00f3 del teixit econ\u00f2mic i la creaci\u00f3 d\u2019ocupaci\u00f3.\",\"email\":\"cambra@cambrabcn.cat\",\"telephone\":\"+34 93 416 93 00\",\"legalName\":\"La Cambra Oficial de Comer\u00e7, Ind\u00fastria, Serveis i Navegaci\u00f3 de Barcelona\",\"foundingDate\":\"1886-01-01\",\"vatID\":\"Q0873001B\",\"taxID\":\"Q0873001B\",\"naics\":\"813910\"}]}<\/script>\n<!-- \/ Yoast SEO Premium plugin. -->","yoast_head_json":{"title":"J. R. Rovira: D\u00e9ficit fiscal catal\u00e1n: \u00bfjusto o excesivo? | Cambra de Comer\u00e7 de Barcelona","robots":{"index":"index","follow":"follow","max-snippet":"max-snippet:-1","max-image-preview":"max-image-preview:large","max-video-preview":"max-video-preview:-1"},"canonical":"https:\/\/cambrabcn.org\/es\/j-r-rovira-deficit-fiscal-catalan-justo-o-excesivo\/","og_locale":"es_ES","og_type":"article","og_title":"J. R. Rovira: D\u00e9ficit fiscal catal\u00e1n: \u00bfjusto o excesivo?","og_description":"Joan Ramon Rovira se pregunta sobre cu\u00e1l es el nivel de d\u00e9ficit fiscal justo y aceptable","og_url":"https:\/\/cambrabcn.org\/es\/j-r-rovira-deficit-fiscal-catalan-justo-o-excesivo\/","og_site_name":"Cambra de Comer\u00e7 de Barcelona","article_modified_time":"2024-02-09T09:40:38+00:00","og_image":[{"width":1436,"height":1039,"url":"https:\/\/cambrabcn.org\/wp-content\/uploads\/2024\/01\/15429CBU_0-1-jpg.webp","type":"image\/webp"}],"twitter_card":"summary_large_image","twitter_site":"@cambrabcn","twitter_misc":{"Tiempo de lectura":"1 minuto"},"schema":{"@context":"https:\/\/schema.org","@graph":[{"@type":"WebPage","@id":"https:\/\/cambrabcn.org\/es\/j-r-rovira-deficit-fiscal-catalan-justo-o-excesivo\/","url":"https:\/\/cambrabcn.org\/es\/j-r-rovira-deficit-fiscal-catalan-justo-o-excesivo\/","name":"J. R. Rovira: D\u00e9ficit fiscal catal\u00e1n: \u00bfjusto o excesivo? | Cambra de Comer\u00e7 de Barcelona","isPartOf":{"@id":"https:\/\/cambrabcn.org\/es\/#website"},"primaryImageOfPage":{"@id":"https:\/\/cambrabcn.org\/es\/j-r-rovira-deficit-fiscal-catalan-justo-o-excesivo\/#primaryimage"},"image":{"@id":"https:\/\/cambrabcn.org\/es\/j-r-rovira-deficit-fiscal-catalan-justo-o-excesivo\/#primaryimage"},"thumbnailUrl":"https:\/\/cambrabcn.org\/wp-content\/uploads\/2024\/01\/15429CBU_0-1-jpg.webp","datePublished":"2024-01-26T13:10:45+00:00","dateModified":"2024-02-09T09:40:38+00:00","breadcrumb":{"@id":"https:\/\/cambrabcn.org\/es\/j-r-rovira-deficit-fiscal-catalan-justo-o-excesivo\/#breadcrumb"},"inLanguage":"es","potentialAction":[{"@type":"ReadAction","target":["https:\/\/cambrabcn.org\/es\/j-r-rovira-deficit-fiscal-catalan-justo-o-excesivo\/"]}]},{"@type":"ImageObject","inLanguage":"es","@id":"https:\/\/cambrabcn.org\/es\/j-r-rovira-deficit-fiscal-catalan-justo-o-excesivo\/#primaryimage","url":"https:\/\/cambrabcn.org\/wp-content\/uploads\/2024\/01\/15429CBU_0-1-jpg.webp","contentUrl":"https:\/\/cambrabcn.org\/wp-content\/uploads\/2024\/01\/15429CBU_0-1-jpg.webp","width":1436,"height":1039},{"@type":"BreadcrumbList","@id":"https:\/\/cambrabcn.org\/es\/j-r-rovira-deficit-fiscal-catalan-justo-o-excesivo\/#breadcrumb","itemListElement":[{"@type":"ListItem","position":1,"name":"Home","item":"https:\/\/cambrabcn.org\/es\/"},{"@type":"ListItem","position":2,"name":"Art\u00edculos y Entrevistas","item":"https:\/\/cambrabcn.org\/es\/prensa\/articulos-entrevistas\/"},{"@type":"ListItem","position":3,"name":"J. R. Rovira: D\u00e9ficit fiscal catal\u00e1n: \u00bfjusto o excesivo?"}]},{"@type":"WebSite","@id":"https:\/\/cambrabcn.org\/es\/#website","url":"https:\/\/cambrabcn.org\/es\/","name":"Cambra de Comer\u00e7 de Barcelona","description":"La Cambra de Tothom","publisher":{"@id":"https:\/\/cambrabcn.org\/es\/#organization"},"alternateName":"Cambra Oficial de Comer\u00e7, Ind\u00fastria, Serveis i Navegaci\u00f3 de Barcelona","potentialAction":[{"@type":"SearchAction","target":{"@type":"EntryPoint","urlTemplate":"https:\/\/cambrabcn.org\/es\/?s={search_term_string}"},"query-input":{"@type":"PropertyValueSpecification","valueRequired":true,"valueName":"search_term_string"}}],"inLanguage":"es"},{"@type":"Organization","@id":"https:\/\/cambrabcn.org\/es\/#organization","name":"Cambra de Comer\u00e7 de Barcelona","alternateName":"Cambra Oficial de Comer\u00e7, Ind\u00fastria, Serveis i Navegaci\u00f3 de Barcelona","url":"https:\/\/cambrabcn.org\/es\/","logo":{"@type":"ImageObject","inLanguage":"es","@id":"https:\/\/cambrabcn.org\/es\/#\/schema\/logo\/image\/","url":"https:\/\/cambrabcn.org\/wp-content\/uploads\/2023\/11\/logo-cambra-300x77-1.png","contentUrl":"https:\/\/cambrabcn.org\/wp-content\/uploads\/2023\/11\/logo-cambra-300x77-1.png","width":300,"height":77,"caption":"Cambra de Comer\u00e7 de Barcelona"},"image":{"@id":"https:\/\/cambrabcn.org\/es\/#\/schema\/logo\/image\/"},"sameAs":["https:\/\/x.com\/cambrabcn","https:\/\/www.instagram.com\/cambrabcn\/","https:\/\/www.linkedin.com\/school\/cambrabcn","https:\/\/www.youtube.com\/user\/PressCambrabcn","https:\/\/ca.wikipedia.org\/wiki\/Cambra_Oficial_de_Comer\u00e7,_Ind\u00fastria_i_Navegaci\u00f3_de_Barcelona","http:\/\/viaf.org\/viaf\/124017095"],"description":"La Cambra Oficial de Comer\u00e7, Ind\u00fastria, Serveis i Navegaci\u00f3 de Barcelona \u00e9s una corporaci\u00f3 de dret p\u00fablic que presta serveis a les empreses, contribuint a la regeneraci\u00f3 del teixit econ\u00f2mic i la creaci\u00f3 d\u2019ocupaci\u00f3.","email":"cambra@cambrabcn.cat","telephone":"+34 93 416 93 00","legalName":"La Cambra Oficial de Comer\u00e7, Ind\u00fastria, Serveis i Navegaci\u00f3 de Barcelona","foundingDate":"1886-01-01","vatID":"Q0873001B","taxID":"Q0873001B","naics":"813910"}]}},"_links":{"self":[{"href":"https:\/\/cambrabcn.org\/es\/wp-json\/wp\/v2\/article-interview\/33560","targetHints":{"allow":["GET"]}}],"collection":[{"href":"https:\/\/cambrabcn.org\/es\/wp-json\/wp\/v2\/article-interview"}],"about":[{"href":"https:\/\/cambrabcn.org\/es\/wp-json\/wp\/v2\/types\/article-interview"}],"author":[{"embeddable":true,"href":"https:\/\/cambrabcn.org\/es\/wp-json\/wp\/v2\/users\/5"}],"version-history":[{"count":2,"href":"https:\/\/cambrabcn.org\/es\/wp-json\/wp\/v2\/article-interview\/33560\/revisions"}],"predecessor-version":[{"id":35387,"href":"https:\/\/cambrabcn.org\/es\/wp-json\/wp\/v2\/article-interview\/33560\/revisions\/35387"}],"wp:featuredmedia":[{"embeddable":true,"href":"https:\/\/cambrabcn.org\/es\/wp-json\/wp\/v2\/media\/22919"}],"wp:attachment":[{"href":"https:\/\/cambrabcn.org\/es\/wp-json\/wp\/v2\/media?parent=33560"}],"wp:term":[{"taxonomy":"article-interview-category","embeddable":true,"href":"https:\/\/cambrabcn.org\/es\/wp-json\/wp\/v2\/article-interview-category?post=33560"},{"taxonomy":"territorial-chamber","embeddable":true,"href":"https:\/\/cambrabcn.org\/es\/wp-json\/wp\/v2\/territorial-chamber?post=33560"},{"taxonomy":"services-for","embeddable":true,"href":"https:\/\/cambrabcn.org\/es\/wp-json\/wp\/v2\/services-for?post=33560"},{"taxonomy":"solutions-for","embeddable":true,"href":"https:\/\/cambrabcn.org\/es\/wp-json\/wp\/v2\/solutions-for?post=33560"},{"taxonomy":"location","embeddable":true,"href":"https:\/\/cambrabcn.org\/es\/wp-json\/wp\/v2\/location?post=33560"},{"taxonomy":"author","embeddable":true,"href":"https:\/\/cambrabcn.org\/es\/wp-json\/wp\/v2\/ppma_author?post=33560"}],"curies":[{"name":"wp","href":"https:\/\/api.w.org\/{rel}","templated":true}]}}