{"id":33557,"date":"2024-01-26T15:10:29","date_gmt":"2024-01-26T13:10:29","guid":{"rendered":"https:\/\/cambrabcn.org\/carme-poveda-el-acceso-a-la-vivienda-un-problema-estructural-que-amenaza-el-estado-del-bienestar\/"},"modified":"2024-02-14T12:36:57","modified_gmt":"2024-02-14T10:36:57","slug":"carme-poveda-el-acceso-a-la-vivienda-un-problema-estructural-que-amenaza-el-estado-del-bienestar","status":"publish","type":"article-interview","link":"https:\/\/cambrabcn.org\/es\/carme-poveda-el-acceso-a-la-vivienda-un-problema-estructural-que-amenaza-el-estado-del-bienestar\/","title":{"rendered":"Carme Poveda: El acceso a la vivienda: un problema estructural que amenaza el estado del bienestar"},"content":{"rendered":"\n<p>La directora de an\u00e1lisis econ\u00f3mico analiza la accesibilidad a la vivienda en Catalu\u00f1a en un art\u00edculo en Via Empresa.<\/p>\n\n\n\n<p>La vivienda es un problema significativo para la poblaci\u00f3n catalana, con un aumento notable de dificultad para los hogares al acceder, ya sea por compra con hipoteca o alquiler, desde 2021. De hecho, la mitad de la poblaci\u00f3n catalana se encuentra en una de estas dos situaciones. Los j\u00f3venes, inmigrantes y rentas bajas son los colectivos m\u00e1s afectados, ya que cada vez tienen menos posibilidades de ser propietarios y deben enfrentarse a alquileres crecientes. Adem\u00e1s, el aumento del coste del alquiler reduce la riqueza neta de los j\u00f3venes, afectando a la edad de emancipaci\u00f3n y la tasa de fecundidad.<\/p>\n\n\n\n<p>La directora de an\u00e1lisis econ\u00f3mico de la Cambra de Comer\u00e7 de Barcelona, Carme Poveda, analiza las consecuencias de esta situaci\u00f3n y establece algunas soluciones al respecto en un art\u00edculo publicado en el diario digital Via Empresa.<\/p>\n","protected":false},"excerpt":{"rendered":"<p>Carme Poveda analiza un problema significativo para la poblaci\u00f3n catalana<\/p>\n","protected":false},"author":5,"featured_media":74084,"parent":0,"template":"","article-interview-category":[867],"territorial-chamber":[],"services-for":[],"solutions-for":[],"location":[],"ppma_author":[168],"class_list":["post-33557","article-interview","type-article-interview","status-publish","has-post-thumbnail","hentry","article-interview-category-articulos-y-entrevistas-economia"],"pp_statuses_selecting_workflow":false,"pp_workflow_action":"current","pp_status_selection":"publish","acf":[],"yoast_head":"<!-- This site is optimized with the Yoast SEO Premium plugin v27.1 (Yoast SEO v27.4) - https:\/\/yoast.com\/product\/yoast-seo-premium-wordpress\/ -->\n<title>Carme Poveda: El acceso a la vivienda: un problema estructural que amenaza el estado del bienestar | Cambra de Comer\u00e7 de Barcelona<\/title>\n<meta name=\"robots\" content=\"index, follow, max-snippet:-1, max-image-preview:large, max-video-preview:-1\" \/>\n<link rel=\"canonical\" href=\"https:\/\/cambrabcn.org\/es\/carme-poveda-el-acceso-a-la-vivienda-un-problema-estructural-que-amenaza-el-estado-del-bienestar\/\" \/>\n<meta property=\"og:locale\" content=\"es_ES\" \/>\n<meta property=\"og:type\" content=\"article\" \/>\n<meta property=\"og:title\" content=\"Carme Poveda: El acceso a la vivienda: un problema estructural que amenaza el estado del bienestar\" \/>\n<meta property=\"og:description\" content=\"Carme Poveda analiza un problema significativo para la poblaci\u00f3n catalana\" \/>\n<meta property=\"og:url\" content=\"https:\/\/cambrabcn.org\/es\/carme-poveda-el-acceso-a-la-vivienda-un-problema-estructural-que-amenaza-el-estado-del-bienestar\/\" \/>\n<meta property=\"og:site_name\" content=\"Cambra de Comer\u00e7 de Barcelona\" \/>\n<meta property=\"article:modified_time\" content=\"2024-02-14T10:36:57+00:00\" \/>\n<meta property=\"og:image\" content=\"https:\/\/cambrabcn.org\/wp-content\/uploads\/2024\/01\/logo-ccb_slider_2.png\" \/>\n\t<meta property=\"og:image:width\" content=\"1620\" \/>\n\t<meta property=\"og:image:height\" content=\"380\" \/>\n\t<meta property=\"og:image:type\" content=\"image\/png\" \/>\n<meta name=\"twitter:card\" content=\"summary_large_image\" \/>\n<meta name=\"twitter:site\" content=\"@cambrabcn\" \/>\n<meta name=\"twitter:label1\" content=\"Tiempo de lectura\" \/>\n\t<meta name=\"twitter:data1\" content=\"1 minuto\" \/>\n<script type=\"application\/ld+json\" class=\"yoast-schema-graph\">{\"@context\":\"https:\\\/\\\/schema.org\",\"@graph\":[{\"@type\":\"WebPage\",\"@id\":\"https:\\\/\\\/cambrabcn.org\\\/es\\\/carme-poveda-el-acceso-a-la-vivienda-un-problema-estructural-que-amenaza-el-estado-del-bienestar\\\/\",\"url\":\"https:\\\/\\\/cambrabcn.org\\\/es\\\/carme-poveda-el-acceso-a-la-vivienda-un-problema-estructural-que-amenaza-el-estado-del-bienestar\\\/\",\"name\":\"Carme Poveda: El acceso a la vivienda: un problema estructural que amenaza el estado del bienestar | Cambra de Comer\u00e7 de Barcelona\",\"isPartOf\":{\"@id\":\"https:\\\/\\\/cambrabcn.org\\\/es\\\/#website\"},\"primaryImageOfPage\":{\"@id\":\"https:\\\/\\\/cambrabcn.org\\\/es\\\/carme-poveda-el-acceso-a-la-vivienda-un-problema-estructural-que-amenaza-el-estado-del-bienestar\\\/#primaryimage\"},\"image\":{\"@id\":\"https:\\\/\\\/cambrabcn.org\\\/es\\\/carme-poveda-el-acceso-a-la-vivienda-un-problema-estructural-que-amenaza-el-estado-del-bienestar\\\/#primaryimage\"},\"thumbnailUrl\":\"https:\\\/\\\/cambrabcn.org\\\/wp-content\\\/uploads\\\/2024\\\/01\\\/logo-ccb_slider_2.png\",\"datePublished\":\"2024-01-26T13:10:29+00:00\",\"dateModified\":\"2024-02-14T10:36:57+00:00\",\"breadcrumb\":{\"@id\":\"https:\\\/\\\/cambrabcn.org\\\/es\\\/carme-poveda-el-acceso-a-la-vivienda-un-problema-estructural-que-amenaza-el-estado-del-bienestar\\\/#breadcrumb\"},\"inLanguage\":\"es\",\"potentialAction\":[{\"@type\":\"ReadAction\",\"target\":[\"https:\\\/\\\/cambrabcn.org\\\/es\\\/carme-poveda-el-acceso-a-la-vivienda-un-problema-estructural-que-amenaza-el-estado-del-bienestar\\\/\"]}]},{\"@type\":\"ImageObject\",\"inLanguage\":\"es\",\"@id\":\"https:\\\/\\\/cambrabcn.org\\\/es\\\/carme-poveda-el-acceso-a-la-vivienda-un-problema-estructural-que-amenaza-el-estado-del-bienestar\\\/#primaryimage\",\"url\":\"https:\\\/\\\/cambrabcn.org\\\/wp-content\\\/uploads\\\/2024\\\/01\\\/logo-ccb_slider_2.png\",\"contentUrl\":\"https:\\\/\\\/cambrabcn.org\\\/wp-content\\\/uploads\\\/2024\\\/01\\\/logo-ccb_slider_2.png\",\"width\":1620,\"height\":380},{\"@type\":\"BreadcrumbList\",\"@id\":\"https:\\\/\\\/cambrabcn.org\\\/es\\\/carme-poveda-el-acceso-a-la-vivienda-un-problema-estructural-que-amenaza-el-estado-del-bienestar\\\/#breadcrumb\",\"itemListElement\":[{\"@type\":\"ListItem\",\"position\":1,\"name\":\"Home\",\"item\":\"https:\\\/\\\/cambrabcn.org\\\/es\\\/\"},{\"@type\":\"ListItem\",\"position\":2,\"name\":\"Art\u00edculos y Entrevistas\",\"item\":\"https:\\\/\\\/cambrabcn.org\\\/es\\\/prensa\\\/articulos-entrevistas\\\/\"},{\"@type\":\"ListItem\",\"position\":3,\"name\":\"Carme Poveda: El acceso a la vivienda: un problema estructural que amenaza el estado del bienestar\"}]},{\"@type\":\"WebSite\",\"@id\":\"https:\\\/\\\/cambrabcn.org\\\/es\\\/#website\",\"url\":\"https:\\\/\\\/cambrabcn.org\\\/es\\\/\",\"name\":\"Cambra de Comer\u00e7 de Barcelona\",\"description\":\"La Cambra de Tothom\",\"publisher\":{\"@id\":\"https:\\\/\\\/cambrabcn.org\\\/es\\\/#organization\"},\"alternateName\":\"Cambra Oficial de Comer\u00e7, Ind\u00fastria, Serveis i Navegaci\u00f3 de Barcelona\",\"potentialAction\":[{\"@type\":\"SearchAction\",\"target\":{\"@type\":\"EntryPoint\",\"urlTemplate\":\"https:\\\/\\\/cambrabcn.org\\\/es\\\/?s={search_term_string}\"},\"query-input\":{\"@type\":\"PropertyValueSpecification\",\"valueRequired\":true,\"valueName\":\"search_term_string\"}}],\"inLanguage\":\"es\"},{\"@type\":\"Organization\",\"@id\":\"https:\\\/\\\/cambrabcn.org\\\/es\\\/#organization\",\"name\":\"Cambra de Comer\u00e7 de Barcelona\",\"alternateName\":\"Cambra Oficial de Comer\u00e7, Ind\u00fastria, Serveis i Navegaci\u00f3 de Barcelona\",\"url\":\"https:\\\/\\\/cambrabcn.org\\\/es\\\/\",\"logo\":{\"@type\":\"ImageObject\",\"inLanguage\":\"es\",\"@id\":\"https:\\\/\\\/cambrabcn.org\\\/es\\\/#\\\/schema\\\/logo\\\/image\\\/\",\"url\":\"https:\\\/\\\/cambrabcn.org\\\/wp-content\\\/uploads\\\/2023\\\/11\\\/logo-cambra-300x77-1.png\",\"contentUrl\":\"https:\\\/\\\/cambrabcn.org\\\/wp-content\\\/uploads\\\/2023\\\/11\\\/logo-cambra-300x77-1.png\",\"width\":300,\"height\":77,\"caption\":\"Cambra de Comer\u00e7 de Barcelona\"},\"image\":{\"@id\":\"https:\\\/\\\/cambrabcn.org\\\/es\\\/#\\\/schema\\\/logo\\\/image\\\/\"},\"sameAs\":[\"https:\\\/\\\/x.com\\\/cambrabcn\",\"https:\\\/\\\/www.instagram.com\\\/cambrabcn\\\/\",\"https:\\\/\\\/www.linkedin.com\\\/school\\\/cambrabcn\",\"https:\\\/\\\/www.youtube.com\\\/user\\\/PressCambrabcn\",\"https:\\\/\\\/ca.wikipedia.org\\\/wiki\\\/Cambra_Oficial_de_Comer\u00e7,_Ind\u00fastria_i_Navegaci\u00f3_de_Barcelona\",\"http:\\\/\\\/viaf.org\\\/viaf\\\/124017095\"],\"description\":\"La Cambra Oficial de Comer\u00e7, Ind\u00fastria, Serveis i Navegaci\u00f3 de Barcelona \u00e9s una corporaci\u00f3 de dret p\u00fablic que presta serveis a les empreses, contribuint a la regeneraci\u00f3 del teixit econ\u00f2mic i la creaci\u00f3 d\u2019ocupaci\u00f3.\",\"email\":\"cambra@cambrabcn.cat\",\"telephone\":\"+34 93 416 93 00\",\"legalName\":\"La Cambra Oficial de Comer\u00e7, Ind\u00fastria, Serveis i Navegaci\u00f3 de Barcelona\",\"foundingDate\":\"1886-01-01\",\"vatID\":\"Q0873001B\",\"taxID\":\"Q0873001B\",\"naics\":\"813910\"}]}<\/script>\n<!-- \/ Yoast SEO Premium plugin. -->","yoast_head_json":{"title":"Carme Poveda: El acceso a la vivienda: un problema estructural que amenaza el estado del bienestar | Cambra de Comer\u00e7 de Barcelona","robots":{"index":"index","follow":"follow","max-snippet":"max-snippet:-1","max-image-preview":"max-image-preview:large","max-video-preview":"max-video-preview:-1"},"canonical":"https:\/\/cambrabcn.org\/es\/carme-poveda-el-acceso-a-la-vivienda-un-problema-estructural-que-amenaza-el-estado-del-bienestar\/","og_locale":"es_ES","og_type":"article","og_title":"Carme Poveda: El acceso a la vivienda: un problema estructural que amenaza el estado del bienestar","og_description":"Carme Poveda analiza un problema significativo para la poblaci\u00f3n catalana","og_url":"https:\/\/cambrabcn.org\/es\/carme-poveda-el-acceso-a-la-vivienda-un-problema-estructural-que-amenaza-el-estado-del-bienestar\/","og_site_name":"Cambra de Comer\u00e7 de Barcelona","article_modified_time":"2024-02-14T10:36:57+00:00","og_image":[{"width":1620,"height":380,"url":"https:\/\/cambrabcn.org\/wp-content\/uploads\/2024\/01\/logo-ccb_slider_2.png","type":"image\/png"}],"twitter_card":"summary_large_image","twitter_site":"@cambrabcn","twitter_misc":{"Tiempo de lectura":"1 minuto"},"schema":{"@context":"https:\/\/schema.org","@graph":[{"@type":"WebPage","@id":"https:\/\/cambrabcn.org\/es\/carme-poveda-el-acceso-a-la-vivienda-un-problema-estructural-que-amenaza-el-estado-del-bienestar\/","url":"https:\/\/cambrabcn.org\/es\/carme-poveda-el-acceso-a-la-vivienda-un-problema-estructural-que-amenaza-el-estado-del-bienestar\/","name":"Carme Poveda: El acceso a la vivienda: un problema estructural que amenaza el estado del bienestar | Cambra de Comer\u00e7 de Barcelona","isPartOf":{"@id":"https:\/\/cambrabcn.org\/es\/#website"},"primaryImageOfPage":{"@id":"https:\/\/cambrabcn.org\/es\/carme-poveda-el-acceso-a-la-vivienda-un-problema-estructural-que-amenaza-el-estado-del-bienestar\/#primaryimage"},"image":{"@id":"https:\/\/cambrabcn.org\/es\/carme-poveda-el-acceso-a-la-vivienda-un-problema-estructural-que-amenaza-el-estado-del-bienestar\/#primaryimage"},"thumbnailUrl":"https:\/\/cambrabcn.org\/wp-content\/uploads\/2024\/01\/logo-ccb_slider_2.png","datePublished":"2024-01-26T13:10:29+00:00","dateModified":"2024-02-14T10:36:57+00:00","breadcrumb":{"@id":"https:\/\/cambrabcn.org\/es\/carme-poveda-el-acceso-a-la-vivienda-un-problema-estructural-que-amenaza-el-estado-del-bienestar\/#breadcrumb"},"inLanguage":"es","potentialAction":[{"@type":"ReadAction","target":["https:\/\/cambrabcn.org\/es\/carme-poveda-el-acceso-a-la-vivienda-un-problema-estructural-que-amenaza-el-estado-del-bienestar\/"]}]},{"@type":"ImageObject","inLanguage":"es","@id":"https:\/\/cambrabcn.org\/es\/carme-poveda-el-acceso-a-la-vivienda-un-problema-estructural-que-amenaza-el-estado-del-bienestar\/#primaryimage","url":"https:\/\/cambrabcn.org\/wp-content\/uploads\/2024\/01\/logo-ccb_slider_2.png","contentUrl":"https:\/\/cambrabcn.org\/wp-content\/uploads\/2024\/01\/logo-ccb_slider_2.png","width":1620,"height":380},{"@type":"BreadcrumbList","@id":"https:\/\/cambrabcn.org\/es\/carme-poveda-el-acceso-a-la-vivienda-un-problema-estructural-que-amenaza-el-estado-del-bienestar\/#breadcrumb","itemListElement":[{"@type":"ListItem","position":1,"name":"Home","item":"https:\/\/cambrabcn.org\/es\/"},{"@type":"ListItem","position":2,"name":"Art\u00edculos y Entrevistas","item":"https:\/\/cambrabcn.org\/es\/prensa\/articulos-entrevistas\/"},{"@type":"ListItem","position":3,"name":"Carme Poveda: El acceso a la vivienda: un problema estructural que amenaza el estado del bienestar"}]},{"@type":"WebSite","@id":"https:\/\/cambrabcn.org\/es\/#website","url":"https:\/\/cambrabcn.org\/es\/","name":"Cambra de Comer\u00e7 de Barcelona","description":"La Cambra de Tothom","publisher":{"@id":"https:\/\/cambrabcn.org\/es\/#organization"},"alternateName":"Cambra Oficial de Comer\u00e7, Ind\u00fastria, Serveis i Navegaci\u00f3 de Barcelona","potentialAction":[{"@type":"SearchAction","target":{"@type":"EntryPoint","urlTemplate":"https:\/\/cambrabcn.org\/es\/?s={search_term_string}"},"query-input":{"@type":"PropertyValueSpecification","valueRequired":true,"valueName":"search_term_string"}}],"inLanguage":"es"},{"@type":"Organization","@id":"https:\/\/cambrabcn.org\/es\/#organization","name":"Cambra de Comer\u00e7 de Barcelona","alternateName":"Cambra Oficial de Comer\u00e7, Ind\u00fastria, Serveis i Navegaci\u00f3 de Barcelona","url":"https:\/\/cambrabcn.org\/es\/","logo":{"@type":"ImageObject","inLanguage":"es","@id":"https:\/\/cambrabcn.org\/es\/#\/schema\/logo\/image\/","url":"https:\/\/cambrabcn.org\/wp-content\/uploads\/2023\/11\/logo-cambra-300x77-1.png","contentUrl":"https:\/\/cambrabcn.org\/wp-content\/uploads\/2023\/11\/logo-cambra-300x77-1.png","width":300,"height":77,"caption":"Cambra de Comer\u00e7 de Barcelona"},"image":{"@id":"https:\/\/cambrabcn.org\/es\/#\/schema\/logo\/image\/"},"sameAs":["https:\/\/x.com\/cambrabcn","https:\/\/www.instagram.com\/cambrabcn\/","https:\/\/www.linkedin.com\/school\/cambrabcn","https:\/\/www.youtube.com\/user\/PressCambrabcn","https:\/\/ca.wikipedia.org\/wiki\/Cambra_Oficial_de_Comer\u00e7,_Ind\u00fastria_i_Navegaci\u00f3_de_Barcelona","http:\/\/viaf.org\/viaf\/124017095"],"description":"La Cambra Oficial de Comer\u00e7, Ind\u00fastria, Serveis i Navegaci\u00f3 de Barcelona \u00e9s una corporaci\u00f3 de dret p\u00fablic que presta serveis a les empreses, contribuint a la regeneraci\u00f3 del teixit econ\u00f2mic i la creaci\u00f3 d\u2019ocupaci\u00f3.","email":"cambra@cambrabcn.cat","telephone":"+34 93 416 93 00","legalName":"La Cambra Oficial de Comer\u00e7, Ind\u00fastria, Serveis i Navegaci\u00f3 de Barcelona","foundingDate":"1886-01-01","vatID":"Q0873001B","taxID":"Q0873001B","naics":"813910"}]}},"_links":{"self":[{"href":"https:\/\/cambrabcn.org\/es\/wp-json\/wp\/v2\/article-interview\/33557","targetHints":{"allow":["GET"]}}],"collection":[{"href":"https:\/\/cambrabcn.org\/es\/wp-json\/wp\/v2\/article-interview"}],"about":[{"href":"https:\/\/cambrabcn.org\/es\/wp-json\/wp\/v2\/types\/article-interview"}],"author":[{"embeddable":true,"href":"https:\/\/cambrabcn.org\/es\/wp-json\/wp\/v2\/users\/5"}],"version-history":[{"count":4,"href":"https:\/\/cambrabcn.org\/es\/wp-json\/wp\/v2\/article-interview\/33557\/revisions"}],"predecessor-version":[{"id":35749,"href":"https:\/\/cambrabcn.org\/es\/wp-json\/wp\/v2\/article-interview\/33557\/revisions\/35749"}],"wp:featuredmedia":[{"embeddable":true,"href":"https:\/\/cambrabcn.org\/es\/wp-json\/wp\/v2\/media\/74084"}],"wp:attachment":[{"href":"https:\/\/cambrabcn.org\/es\/wp-json\/wp\/v2\/media?parent=33557"}],"wp:term":[{"taxonomy":"article-interview-category","embeddable":true,"href":"https:\/\/cambrabcn.org\/es\/wp-json\/wp\/v2\/article-interview-category?post=33557"},{"taxonomy":"territorial-chamber","embeddable":true,"href":"https:\/\/cambrabcn.org\/es\/wp-json\/wp\/v2\/territorial-chamber?post=33557"},{"taxonomy":"services-for","embeddable":true,"href":"https:\/\/cambrabcn.org\/es\/wp-json\/wp\/v2\/services-for?post=33557"},{"taxonomy":"solutions-for","embeddable":true,"href":"https:\/\/cambrabcn.org\/es\/wp-json\/wp\/v2\/solutions-for?post=33557"},{"taxonomy":"location","embeddable":true,"href":"https:\/\/cambrabcn.org\/es\/wp-json\/wp\/v2\/location?post=33557"},{"taxonomy":"author","embeddable":true,"href":"https:\/\/cambrabcn.org\/es\/wp-json\/wp\/v2\/ppma_author?post=33557"}],"curies":[{"name":"wp","href":"https:\/\/api.w.org\/{rel}","templated":true}]}}